{"id":11839,"date":"2020-05-12T01:25:36","date_gmt":"2020-05-12T01:25:36","guid":{"rendered":"https:\/\/www.radiopresidenteibanez.cl\/web\/?p=11839"},"modified":"2020-05-12T01:25:40","modified_gmt":"2020-05-12T01:25:40","slug":"11-personas-se-encuentran-conectadas-a-ventilacion-mecanica-debido-a-covid-19-en-magallanes","status":"publish","type":"post","link":"https:\/\/www.radiopresidenteibanez.cl\/web\/11-personas-se-encuentran-conectadas-a-ventilacion-mecanica-debido-a-covid-19-en-magallanes\/","title":{"rendered":"11 PERSONAS SE ENCUENTRAN CONECTADAS A VENTILACI\u00d3N MEC\u00c1NICA DEBIDO A COVID-19 EN MAGALLANES"},"content":{"rendered":"\n<p>La Direcci\u00f3n del\nServicio de Salud Magallanes informa que al 11 de mayo:<\/p>\n\n\n\n<ul class=\"wp-block-list\"><li>Se informa en el\nHospital Cl\u00ednico Magallanes la hospitalizaci\u00f3n en Unidad de Paciente Cr\u00edtico\n(UPC) camas UCI de 16 personas, 11 conectadas a ventilaci\u00f3n mec\u00e1nica, por lo\nque la disponibilidad de asistencia ventilatoria queda en 15 equipos en el\nestablecimiento, a lo que debemos sumar la disponibilidad de un pool de 6 camas\nUCI con apoyo de m\u00e1quina de anestesia.<\/li><\/ul>\n\n\n\n<ul class=\"wp-block-list\"><li>Respecto de las\npersonas hospitalizadas por COVID_19 en aislamiento podemos informar que\nexisten 38 en la Red Asistencial desglosadas 37 en el Hospital Cl\u00ednico\nMagallanes (22 positivos y 15 sospecha) y 1 por sospecha en el Hospital de\nPuerto Natales.<\/li><\/ul>\n\n\n\n<ul class=\"wp-block-list\"><li>Se mantienen en 15\nlos Egresos por Traslado desde la Unidad de Paciente Cr\u00edtico UPC del Hospital\nCl\u00ednico Magallanes; los pacientes corresponden a 11 afiliados a FONASA, 3\nafiliados a ISAPRE y un paciente CAPREDENA; de los cuales se registran a la\nfecha 3 rescates institucionales (FONASA) con retorno a HCM, un retorno privado\n(ISAPRE) y una persona fallecida (FONASA).<\/li><\/ul>\n\n\n\n<ul class=\"wp-block-list\"><li>En cuanto situaci\u00f3n\nde Residencias Sanitarias, de los 184 cupos a nivel regional, hoy tenemos 20\nhabitaciones ocupadas, con disponibilidad de 164 cupos, distribuidos en las\ncomunas de Punta Arenas, Puerto Natales, Porvenir y Puerto Williams.<\/li><\/ul>\n\n\n\n<ul class=\"wp-block-list\"><li>En dispositivo de\napoyo Casa Tutelada, tenemos ocupaci\u00f3n de 6 habitaciones con igual n\u00famero de\npersonas.<\/li><\/ul>\n\n\n\n<ul class=\"wp-block-list\"><li>Respecto de situaci\u00f3n\nde nuestros funcionarios de la Red Asistencial, considerando los 4\nestablecimientos hospitalarios, Direcci\u00f3n de Servicio, Salud Mental, SAMU y\nAtenci\u00f3n Primaria de la regi\u00f3n, se registran 79 funcionarios con confirmaci\u00f3n\nCOVID_19 positivo; 71 personas en aislamiento preventivo por sospecha, 2\nfuncionarios hospitalizados en HCM y 7 funcionarios en residencia sanitaria.\nAdem\u00e1s, se registran 74 altas con certificado alta seg\u00fan criterio MINSAL.<\/li><\/ul>\n","protected":false},"excerpt":{"rendered":"<p>La Direcci\u00f3n del Servicio de Salud Magallanes informa que al 11 de mayo: Se informa en el Hospital Cl\u00ednico Magallanes la hospitalizaci\u00f3n en Unidad de Paciente Cr\u00edtico (UPC) camas UCI&#8230; <a class=\"read-more\" href=\"https:\/\/www.radiopresidenteibanez.cl\/web\/11-personas-se-encuentran-conectadas-a-ventilacion-mecanica-debido-a-covid-19-en-magallanes\/\">Leer m\u00e1s<\/a><\/p>\n","protected":false},"author":2,"featured_media":57,"comment_status":"closed","ping_status":"closed","sticky":false,"template":"","format":"standard","meta":{"footnotes":""},"categories":[1],"tags":[],"class_list":["post-11839","post","type-post","status-publish","format-standard","has-post-thumbnail","hentry","category-cronica"],"_links":{"self":[{"href":"https:\/\/www.radiopresidenteibanez.cl\/web\/wp-json\/wp\/v2\/posts\/11839","targetHints":{"allow":["GET"]}}],"collection":[{"href":"https:\/\/www.radiopresidenteibanez.cl\/web\/wp-json\/wp\/v2\/posts"}],"about":[{"href":"https:\/\/www.radiopresidenteibanez.cl\/web\/wp-json\/wp\/v2\/types\/post"}],"author":[{"embeddable":true,"href":"https:\/\/www.radiopresidenteibanez.cl\/web\/wp-json\/wp\/v2\/users\/2"}],"replies":[{"embeddable":true,"href":"https:\/\/www.radiopresidenteibanez.cl\/web\/wp-json\/wp\/v2\/comments?post=11839"}],"version-history":[{"count":0,"href":"https:\/\/www.radiopresidenteibanez.cl\/web\/wp-json\/wp\/v2\/posts\/11839\/revisions"}],"wp:featuredmedia":[{"embeddable":true,"href":"https:\/\/www.radiopresidenteibanez.cl\/web\/wp-json\/wp\/v2\/media\/57"}],"wp:attachment":[{"href":"https:\/\/www.radiopresidenteibanez.cl\/web\/wp-json\/wp\/v2\/media?parent=11839"}],"wp:term":[{"taxonomy":"category","embeddable":true,"href":"https:\/\/www.radiopresidenteibanez.cl\/web\/wp-json\/wp\/v2\/categories?post=11839"},{"taxonomy":"post_tag","embeddable":true,"href":"https:\/\/www.radiopresidenteibanez.cl\/web\/wp-json\/wp\/v2\/tags?post=11839"}],"curies":[{"name":"wp","href":"https:\/\/api.w.org\/{rel}","templated":true}]}}