{"id":11836,"date":"2020-05-12T01:20:19","date_gmt":"2020-05-12T01:20:19","guid":{"rendered":"https:\/\/www.radiopresidenteibanez.cl\/web\/?p=11836"},"modified":"2020-05-12T01:20:24","modified_gmt":"2020-05-12T01:20:24","slug":"destinaran-mas-de-720-millones-a-los-municipios-magallanicos-a-traves-del-fondo-solidario-para-contrarrestar-la-merma-en-sus-ingresos","status":"publish","type":"post","link":"https:\/\/www.radiopresidenteibanez.cl\/web\/destinaran-mas-de-720-millones-a-los-municipios-magallanicos-a-traves-del-fondo-solidario-para-contrarrestar-la-merma-en-sus-ingresos\/","title":{"rendered":"DESTINAR\u00c1N M\u00c1S DE $720 MILLONES A LOS MUNICIPIOS MAGALL\u00c1NICOS A TRAV\u00c9S DEL FONDO SOLIDARIO PARA CONTRARRESTAR LA MERMA EN SUS INGRESOS"},"content":{"rendered":"\n<p>El Intendente de Magallanes y de la Ant\u00e1rtica Chilena, Jos\u00e9 Fern\u00e1ndez\nD\u00fcbrock, acompa\u00f1ado por el jefe regional de la Subsecretar\u00eda de Desarrollo Regional y\nAdministrativo (Subdere), Jacques Roux, Inform\u00f3 a la comunidad los detalles del\nanuncio del Presidente Sebasti\u00e1n Pi\u00f1era en torno\nal adelanto de flujos del Fondo Com\u00fan Municipal por un total de 154.960 millones de pesos para los meses de mayo y junio, adem\u00e1s de una inyecci\u00f3n de\nrecursos frescos que alcanzan los 80.960 millones de pesos, desde el Fondo\nSolidario, los que beneficiar\u00e1n a todos los municipios del pa\u00eds para\ncontrarrestar la merma en sus ingresos debido a la crisis sanitaria y\nsocioecon\u00f3mica del Covid-19.<\/p>\n\n\n\n<p>La m\u00e1xima autoridad regional destac\u00f3 que el Gobierno ha estado\npreocupado desde el inicio de la pandemia de ir en ayuda de los distintos\nestamentos que han sufrido alg\u00fan tipo de perjuicio o detrimento a ra\u00edz de esta\ncrisis sanitaria. En ese aspecto, precis\u00f3 que los municipios son \u201cla primera\nl\u00ednea de reacci\u00f3n\u201d de todos los gobiernos, y en estos \u00faltimos meses han tenido\nuna baja en el flujo de sus fondos por el retraso de algunos pagos, estimando\nque tendr\u00e1n una ca\u00edda de alrededor del 50 por ciento en el mes de mayo.<\/p>\n\n\n\n<p>\u201cSabemos que debido a que las medidas de contingencia\ncomo la postergaci\u00f3n de los pagos de los permisos de circulaci\u00f3n o las\ncontribuciones que han afectado significativamente en sus ingresos, es que se\nhan adelantado los flujos del Fondo Com\u00fan Municipal, con el fin de ir en ayuda en\nesta dif\u00edcil situaci\u00f3n. Estamos conscientes que los alcaldes son la l\u00ednea m\u00e1s\ncercana con la gente, el gobierno comunal es el primero que tiene contacto con\nlas personas, por ello su rol es fundamental, sobre todo en esta crisis\nsanitaria que est\u00e1 viviendo el mundo\u201d, complement\u00f3.<\/p>\n\n\n\n<p>Asimismo, indic\u00f3 que superar los efectos adversos de\nla pandemia requiere del compromiso y esfuerzo de todos los actores. Por eso es\nque las medidas dispuestas por el Gobierno buscan fortalecer la respuesta\nsanitaria, social y econ\u00f3mica necesaria para enfrentar la crisis, sobre la base\nde la colaboraci\u00f3n activa de las entidades p\u00fablicas y privadas del pa\u00eds.<\/p>\n\n\n\n<p>En el mismo contexto, el jefe regional de la Subdere,\nJacques Roux detall\u00f3 que \u201csabemos que los municipios tambi\u00e9n tendr\u00e1n que \u2018apretarse\nlos pantalones\u2019, pero con esta inyecci\u00f3n de m\u00e1s de 80 mil millones del Fondo\nSolidario tendr\u00e1n libre disposici\u00f3n para poder ayudar a todos los ciudadanos y\nciudadanas\u201d.<\/p>\n\n\n\n<p>En cuanto a las cifras locales, aclar\u00f3 en primer\nlugar que el adelantamiento del flujo del Fondo Com\u00fan Municipal ser\u00e1 recibido\nen las pr\u00f3ximas semanas, y respecto al Fondo Solidario, de los m\u00e1s de 80 mil\nmillones de pesos, la Regi\u00f3n de Magallanes recibir\u00e1 un total de 720.315.000\npesos para ser distribuidos entre las diez municipalidades.<\/p>\n\n\n\n<p>\u201cLos montos se dictaminaron debido a la cantidad de\npoblaci\u00f3n de cada comuna y a los niveles de pobreza determinada por la Encuesta\nCasen\u201d, puntualiz\u00f3.<\/p>\n\n\n\n<p><strong>Detalle de aportes por comuna<\/strong><\/p>\n\n\n\n<ul class=\"wp-block-list\"><li>El detalle de aportes por comuna en la\nregi\u00f3n por conceptos de Fondo Solidario de $80.960 millones (detallado por el\nPresidente Sebasti\u00e1n Pi\u00f1era) y aportes directos a los municipios realizados\ndesde marzo por el Ministerio de Salud y la Subdere es el siguiente (en miles\nde pesos):<\/li><\/ul>\n\n\n\n<figure class=\"wp-block-table\"><table class=\"\"><thead><tr><td>\n   <strong>COMUNA<\/strong>\n   <\/td><td>\n   <strong>MINISTERIO DE SALUD<\/strong><strong><\/strong>\n   <\/td><td>\n   <strong>SUBDERE<\/strong><strong><\/strong>\n   <\/td><td>\n   <strong>FONDO SOLIDARIO <\/strong><strong><\/strong>\n   <\/td><td>\n   <strong>TOTAL<\/strong><strong><\/strong>\n   <\/td><\/tr><\/thead><tbody><tr><td>\n  CABO DE HORNOS\n  <\/td><td>\n  &#8211;\n  <\/td><td>\n  &#8211;\n  <\/td><td>\n  7.646\n  <\/td><td>\n  &nbsp;7.646 \n  <\/td><\/tr><tr><td>\n  LAGUNA BLANCA\n  <\/td><td>\n  1.408\n  <\/td><td>\n  &#8211;\n  <\/td><td>\n  5.000\n  <\/td><td>\n  &nbsp;6.408 \n  <\/td><\/tr><tr><td>\n  NATALES\n  <\/td><td>\n  36.956\n  <\/td><td>\n  59.395\n  <\/td><td>\n  104.868\n  <\/td><td>\n  &nbsp;201.220 \n  <\/td><\/tr><tr><td>\n  PORVENIR\n  <\/td><td>\n  &#8211;\n  <\/td><td>\n  5.742\n  <\/td><td>\n  28.849\n  <\/td><td>\n  &nbsp;34.591 \n  <\/td><\/tr><tr><td>\n  PRIMAVERA\n  <\/td><td>\n  &#8211;\n  <\/td><td>\n  &#8211;\n  <\/td><td>\n  5.000\n  <\/td><td>\n  &nbsp;5.000 \n  <\/td><\/tr><tr><td>\n  PUNTA ARENAS\n  <\/td><td>\n  231.356\n  <\/td><td>\n  929.087\n  <\/td><td>\n  548.952\n  <\/td><td>\n  &nbsp;1.709.395 \n  <\/td><\/tr><tr><td>\n  R\u00cdO VERDE\n  <\/td><td>\n  1.408\n  <\/td><td>\n  &#8211;\n  <\/td><td>\n  5.000\n  <\/td><td>\n  &nbsp;6.408 \n  <\/td><\/tr><tr><td>\n  SAN GREGORIO\n  <\/td><td>\n  1.408\n  <\/td><td>\n  &#8211;\n  <\/td><td>\n  5.000\n  <\/td><td>\n  &nbsp;6.408 \n  <\/td><\/tr><tr><td>\n  TIMAUKEL\n  <\/td><td>\n  1.408\n  <\/td><td>\n  &#8211;\n  <\/td><td>\n  5.000\n  <\/td><td>\n  &nbsp;6.408 \n  <\/td><\/tr><tr><td>\n  TORRES DEL PAINE\n  <\/td><td>\n  1.408\n  <\/td><td>\n  &#8211;\n  <\/td><td>\n  5.000\n  <\/td><td>\n  &nbsp;6.408 \n  <\/td><\/tr><tr><td>\n  <strong>TOTAL<\/strong>\n  <\/td><td>\n  <strong>275.352<\/strong>\n  <\/td><td>\n  <strong>994.224<\/strong>\n  <\/td><td>\n  <strong>720.315<\/strong>\n  <\/td><td>\n  <strong>1.989.891<\/strong>\n  <\/td><\/tr><\/tbody><\/table><\/figure>\n","protected":false},"excerpt":{"rendered":"<p>El Intendente de Magallanes y de la Ant\u00e1rtica Chilena, Jos\u00e9 Fern\u00e1ndez D\u00fcbrock, acompa\u00f1ado por el jefe regional de la Subsecretar\u00eda de Desarrollo Regional y Administrativo (Subdere), Jacques Roux, Inform\u00f3 a&#8230; <a class=\"read-more\" href=\"https:\/\/www.radiopresidenteibanez.cl\/web\/destinaran-mas-de-720-millones-a-los-municipios-magallanicos-a-traves-del-fondo-solidario-para-contrarrestar-la-merma-en-sus-ingresos\/\">Leer m\u00e1s<\/a><\/p>\n","protected":false},"author":2,"featured_media":11837,"comment_status":"closed","ping_status":"closed","sticky":false,"template":"","format":"standard","meta":{"footnotes":""},"categories":[1],"tags":[],"class_list":["post-11836","post","type-post","status-publish","format-standard","has-post-thumbnail","hentry","category-cronica"],"_links":{"self":[{"href":"https:\/\/www.radiopresidenteibanez.cl\/web\/wp-json\/wp\/v2\/posts\/11836","targetHints":{"allow":["GET"]}}],"collection":[{"href":"https:\/\/www.radiopresidenteibanez.cl\/web\/wp-json\/wp\/v2\/posts"}],"about":[{"href":"https:\/\/www.radiopresidenteibanez.cl\/web\/wp-json\/wp\/v2\/types\/post"}],"author":[{"embeddable":true,"href":"https:\/\/www.radiopresidenteibanez.cl\/web\/wp-json\/wp\/v2\/users\/2"}],"replies":[{"embeddable":true,"href":"https:\/\/www.radiopresidenteibanez.cl\/web\/wp-json\/wp\/v2\/comments?post=11836"}],"version-history":[{"count":0,"href":"https:\/\/www.radiopresidenteibanez.cl\/web\/wp-json\/wp\/v2\/posts\/11836\/revisions"}],"wp:featuredmedia":[{"embeddable":true,"href":"https:\/\/www.radiopresidenteibanez.cl\/web\/wp-json\/wp\/v2\/media\/11837"}],"wp:attachment":[{"href":"https:\/\/www.radiopresidenteibanez.cl\/web\/wp-json\/wp\/v2\/media?parent=11836"}],"wp:term":[{"taxonomy":"category","embeddable":true,"href":"https:\/\/www.radiopresidenteibanez.cl\/web\/wp-json\/wp\/v2\/categories?post=11836"},{"taxonomy":"post_tag","embeddable":true,"href":"https:\/\/www.radiopresidenteibanez.cl\/web\/wp-json\/wp\/v2\/tags?post=11836"}],"curies":[{"name":"wp","href":"https:\/\/api.w.org\/{rel}","templated":true}]}}