{"id":11833,"date":"2020-05-12T01:13:52","date_gmt":"2020-05-12T01:13:52","guid":{"rendered":"https:\/\/www.radiopresidenteibanez.cl\/web\/?p=11833"},"modified":"2020-05-12T01:13:57","modified_gmt":"2020-05-12T01:13:57","slug":"consejeros-regionales-destacan-aprobacion-de-recursos-destinados-a-elementos-de-proteccion-equipos-de-seguridad-e-insumos-para-bomberos-de-puerto-williams","status":"publish","type":"post","link":"https:\/\/www.radiopresidenteibanez.cl\/web\/consejeros-regionales-destacan-aprobacion-de-recursos-destinados-a-elementos-de-proteccion-equipos-de-seguridad-e-insumos-para-bomberos-de-puerto-williams\/","title":{"rendered":"CONSEJEROS REGIONALES DESTACAN APROBACI\u00d3N DE RECURSOS DESTINADOS A ELEMENTOS DE PROTECCI\u00d3N,  EQUIPOS DE SEGURIDAD E INSUMOS PARA BOMBEROS DE PUERTO WILLIAMS"},"content":{"rendered":"\n<p>Los consejeros y consejeras\nregionales de Magallanes y de la Ant\u00e1rtica Chilena valoraron la aprobaci\u00f3n de\nrecursos provenientes del 6% de asignaci\u00f3n directa que ser\u00e1n destinados a la\ncompra de equipos de seguridad, elementos de protecci\u00f3n e insumos para el\ncuerpo de Bomberos de Puerto Williams. <\/p>\n\n\n\n<p>Seg\u00fan coment\u00f3 el presidente de la\ncomisi\u00f3n Presupuesto, Ram\u00f3n Lobos, los recursos del 6% asignaci\u00f3n directa,\nest\u00e1n siendo enfocados a satisfacer las necesidades tanto sanitarias como de\ncombate contra el coronavirus en la regi\u00f3n.\u201cEn ello est\u00e1n participando una serie de organizaciones no gubernamentales\ny se han aprobado proyectos que van en directo beneficio del trabajo que est\u00e1n\nrealizando en esta etapa de la pandemia. Por&nbsp;\nejemplo se destinaron recursos para fortalecer las labores de\nsanitizaci\u00f3n que est\u00e1 realizando Conaf en Punta Arenas y para Bomberos de\nPuerto Williams, los cuales desde el primer momento y con elementos propios\nest\u00e1n sanitizando y requer\u00edan del apoyo del Gobierno Regional para concretar la\ncompra de elementos de protecci\u00f3n, insumos y equipamiento para realizar su\nlabor de manera m\u00e1s segura\u201d, detall\u00f3.<\/p>\n\n\n\n<p>En relaci\u00f3n al proyecto, el\ncomandante del cuerpo de Bomberos de Puerto Williams, Cesar Camblor, se\u00f1al\u00f3 que\nsienten gran satisfacci\u00f3n ya que adem\u00e1s de ser los bomberos m\u00e1s australes del\nmundo,&nbsp; a la fecha son los \u00fanicos que han\npostulado a este tipo de iniciativa &nbsp;\u201ccon\nel objetivo de colaborar en el control y mitigar la propagaci\u00f3n del coronavirus,\niniciamos labores de sanitizaci\u00f3n el d\u00eda 28 de marzo, a nosotros nos\ncorresponde una vez a la semana y trabajamos alrededor de ocho horas comenzando\na la ocho de la noche y terminando a las cuatro de la ma\u00f1ana. &nbsp;Estamos muy agradecidos por la aprobaci\u00f3n de\neste proyecto porque va en directo beneficio de toda la comuna ya que nosotros\nbrindamos apoyo a quienes lo requieran, logrando llegar con respaldo del\nmunicipio incluso a Puerto Toro, sanitizando casas, colegios y servicios. Quiero\ndestacar el apoyo del CORE, en especial de los consejeros, Marcelo Garrido y\nRodolfo Moncada que se unieron y compartieron la ideolog\u00eda que ten\u00edamos para\nhacer un trabajo en equipo tanto la autoridad comunal como regional\u201d, agreg\u00f3. <\/p>\n\n\n\n<p>El consejero de la provincia\nAnt\u00e1rtica, Rodolfo Moncada, tuvo palabras de gran reconocimiento a la labor que\nest\u00e1 realizando Bomberos en Puerto Williams \u201cdesde el primer minuto han\ncontribuido de manera&nbsp; importante en el\ncombate del Covid-19, por lo mismo, considero un acto de justicia que el\nGobierno Regional pueda ayudar aportando con elementos de protecci\u00f3n personal\nde manera que no se expongan los voluntarios y adem\u00e1s financiar insumos como\namonio cuaternario para sanitizar las calles por lo que queda del a\u00f1o. Esta es\nuna batalla de largo aliento y es importante que nuestros bomberos cuenten con\nlos recursos necesarios\u201d, afirm\u00f3. <\/p>\n\n\n\n<p>Finalmente el consejero de la\nmisma provincia, Marcelo Garrido, se mostr\u00f3 satisfecho con la aprobaci\u00f3n de este\nproyecto \u201cestoy muy contento ya que Bomberos esta efectuando una gran labor en\napoyo a la comunidad de Puerto Williams por ello reitero mi compromiso con esta\nnoble instituci\u00f3n y con todos quienes hoy se encuentran luchando para salir\nadelante en medio de esta pandemia\u201d.<\/p>\n","protected":false},"excerpt":{"rendered":"<p>Los consejeros y consejeras regionales de Magallanes y de la Ant\u00e1rtica Chilena valoraron la aprobaci\u00f3n de recursos provenientes del 6% de asignaci\u00f3n directa que ser\u00e1n destinados a la compra de&#8230; <a class=\"read-more\" href=\"https:\/\/www.radiopresidenteibanez.cl\/web\/consejeros-regionales-destacan-aprobacion-de-recursos-destinados-a-elementos-de-proteccion-equipos-de-seguridad-e-insumos-para-bomberos-de-puerto-williams\/\">Leer m\u00e1s<\/a><\/p>\n","protected":false},"author":2,"featured_media":11834,"comment_status":"closed","ping_status":"closed","sticky":false,"template":"","format":"standard","meta":{"footnotes":""},"categories":[1],"tags":[],"class_list":["post-11833","post","type-post","status-publish","format-standard","has-post-thumbnail","hentry","category-cronica"],"_links":{"self":[{"href":"https:\/\/www.radiopresidenteibanez.cl\/web\/wp-json\/wp\/v2\/posts\/11833","targetHints":{"allow":["GET"]}}],"collection":[{"href":"https:\/\/www.radiopresidenteibanez.cl\/web\/wp-json\/wp\/v2\/posts"}],"about":[{"href":"https:\/\/www.radiopresidenteibanez.cl\/web\/wp-json\/wp\/v2\/types\/post"}],"author":[{"embeddable":true,"href":"https:\/\/www.radiopresidenteibanez.cl\/web\/wp-json\/wp\/v2\/users\/2"}],"replies":[{"embeddable":true,"href":"https:\/\/www.radiopresidenteibanez.cl\/web\/wp-json\/wp\/v2\/comments?post=11833"}],"version-history":[{"count":0,"href":"https:\/\/www.radiopresidenteibanez.cl\/web\/wp-json\/wp\/v2\/posts\/11833\/revisions"}],"wp:featuredmedia":[{"embeddable":true,"href":"https:\/\/www.radiopresidenteibanez.cl\/web\/wp-json\/wp\/v2\/media\/11834"}],"wp:attachment":[{"href":"https:\/\/www.radiopresidenteibanez.cl\/web\/wp-json\/wp\/v2\/media?parent=11833"}],"wp:term":[{"taxonomy":"category","embeddable":true,"href":"https:\/\/www.radiopresidenteibanez.cl\/web\/wp-json\/wp\/v2\/categories?post=11833"},{"taxonomy":"post_tag","embeddable":true,"href":"https:\/\/www.radiopresidenteibanez.cl\/web\/wp-json\/wp\/v2\/tags?post=11833"}],"curies":[{"name":"wp","href":"https:\/\/api.w.org\/{rel}","templated":true}]}}