{"id":11827,"date":"2020-05-12T01:09:45","date_gmt":"2020-05-12T01:09:45","guid":{"rendered":"https:\/\/www.radiopresidenteibanez.cl\/web\/?p=11827"},"modified":"2020-05-12T01:09:49","modified_gmt":"2020-05-12T01:09:49","slug":"fundacion-luksic-entrega-17-mil-guantes-a-magallanes-para-proteger-al-personal-medico-del-covid-19","status":"publish","type":"post","link":"https:\/\/www.radiopresidenteibanez.cl\/web\/fundacion-luksic-entrega-17-mil-guantes-a-magallanes-para-proteger-al-personal-medico-del-covid-19\/","title":{"rendered":"FUNDACI\u00d3N LUKSIC ENTREGA 17 MIL GUANTES A MAGALLANES PARA PROTEGER AL PERSONAL M\u00c9DICO DEL COVID-19"},"content":{"rendered":"\n<p>Proveniente de Shangh\u00e1i, este lunes lleg\u00f3 a Chile&nbsp; el cargamento con 2 millones de guantes de\nnitrilo comprometidos por la Fundaci\u00f3n Luksic, 17mil de los cuales est\u00e1n siendo\ntrasladados a la regi\u00f3n de Magallanes para proteger al personal m\u00e9dico que\nenfrenta la emergencia sanitaria del Covid-19, que ya ha dejado m\u00e1s de 300\nmuertos y 30 mil contagiados en nuestro pa\u00eds. <\/p>\n\n\n\n<p>De acuerdo a lo determinado por el Colegio M\u00e9dico y las\nautoridades regionales, cada caja entregada&nbsp;\ncon mil guantes cada una, ser\u00e1n destinadas<em> al Hospital Cl\u00ednico de Magallanes Dr. Lautaro Navarro Avaria y el\nhospital Dr. Augusto Essmann Burgos de Natales, los que recibir\u00e1n 10 y 3 cajas\nde guantes, junto con el aporte de 4 mil guantes que se le entregar\u00e1 al colegio\nm\u00e9dico de Punta Arenas.<\/em><\/p>\n\n\n\n<p>&nbsp;\u201cTras casi dos meses\nde intensas gestiones para conseguir insumos m\u00e9dicos, estamos felices de que el\nsegundo embarque gestionado por la Fundaci\u00f3n haya por fin llegado a Chile. Hoy\nhemos recibido dos millones de guantes que esperamos puedan complementar el mill\u00f3n\nde mascarillas ya repartido, y as\u00ed proteger al personal de la salud que trabaja\nintensamente por todos nosotros\u201d, se\u00f1al\u00f3 Paola Luksic, presidenta de la\nFundaci\u00f3n Luksic.<\/p>\n\n\n\n<p>Los dos millones de guantes llegaron a nuestro pa\u00eds en un\nvuelo Latam y ser\u00e1n repartidos por Correos de Chile directamente a&nbsp; 87 hospitales p\u00fablicos en todo Chile, los que\nfueron designados por el Colegio M\u00e9dico en conjunto con las autoridades\nsanitarias. <\/p>\n\n\n\n<p>El pasado 18 de abril lleg\u00f3 al pa\u00eds un mill\u00f3n de mascarillas\nKN95, que fueron entregadas a hospitales en todo Chile. En ese momento, la\nFundaci\u00f3n Luksic comprometi\u00f3 la intenci\u00f3n de traer tambi\u00e9n guantes para el\npersonal de la salud.<\/p>\n\n\n\n<p>Esta nueva donaci\u00f3n llega en un momento en que nuestro pa\u00eds\nvive un importante incremento en el n\u00famero de casos positivos, que ya superan\nlos 30 mil a nivel nacional. Mientras tanto, en el mundo se mantiene la escasez\na nivel mundial de insumos sanitarios y al menos 90 mil trabajadores de la\nsalud est\u00e1n infectados, seg\u00fan inform\u00f3 el Consejo Internacional de Enfermeros.<\/p>\n\n\n\n<p>Ambas donaciones de insumos m\u00e9dicos en esta crisis se suman\nal aporte de la familia Luksic al fondo gestionado por la Confederaci\u00f3n de la\nProducci\u00f3n y del Comercio (CPC) que reuni\u00f3 m\u00e1s de $90 mil millones para\ncombatir el Coronavirus y que incluy\u00f3 la donaci\u00f3n de ventiladores mec\u00e1nicos que\nfueron puestos a disposici\u00f3n del Ministerio de Salud la semana pasada. Adem\u00e1s,\ndurante esta semana, la Fundaci\u00f3n Luksic colabor\u00f3 con Desaf\u00edo Levantemos Chile\npara la entrega de una cl\u00ednica m\u00f3vil en Loncoche, regi\u00f3n de La Araucan\u00eda.<\/p>\n","protected":false},"excerpt":{"rendered":"<p>Proveniente de Shangh\u00e1i, este lunes lleg\u00f3 a Chile&nbsp; el cargamento con 2 millones de guantes de nitrilo comprometidos por la Fundaci\u00f3n Luksic, 17mil de los cuales est\u00e1n siendo trasladados a&#8230; <a class=\"read-more\" href=\"https:\/\/www.radiopresidenteibanez.cl\/web\/fundacion-luksic-entrega-17-mil-guantes-a-magallanes-para-proteger-al-personal-medico-del-covid-19\/\">Leer m\u00e1s<\/a><\/p>\n","protected":false},"author":2,"featured_media":11828,"comment_status":"closed","ping_status":"closed","sticky":false,"template":"","format":"standard","meta":{"footnotes":""},"categories":[1],"tags":[],"class_list":["post-11827","post","type-post","status-publish","format-standard","has-post-thumbnail","hentry","category-cronica"],"_links":{"self":[{"href":"https:\/\/www.radiopresidenteibanez.cl\/web\/wp-json\/wp\/v2\/posts\/11827","targetHints":{"allow":["GET"]}}],"collection":[{"href":"https:\/\/www.radiopresidenteibanez.cl\/web\/wp-json\/wp\/v2\/posts"}],"about":[{"href":"https:\/\/www.radiopresidenteibanez.cl\/web\/wp-json\/wp\/v2\/types\/post"}],"author":[{"embeddable":true,"href":"https:\/\/www.radiopresidenteibanez.cl\/web\/wp-json\/wp\/v2\/users\/2"}],"replies":[{"embeddable":true,"href":"https:\/\/www.radiopresidenteibanez.cl\/web\/wp-json\/wp\/v2\/comments?post=11827"}],"version-history":[{"count":0,"href":"https:\/\/www.radiopresidenteibanez.cl\/web\/wp-json\/wp\/v2\/posts\/11827\/revisions"}],"wp:featuredmedia":[{"embeddable":true,"href":"https:\/\/www.radiopresidenteibanez.cl\/web\/wp-json\/wp\/v2\/media\/11828"}],"wp:attachment":[{"href":"https:\/\/www.radiopresidenteibanez.cl\/web\/wp-json\/wp\/v2\/media?parent=11827"}],"wp:term":[{"taxonomy":"category","embeddable":true,"href":"https:\/\/www.radiopresidenteibanez.cl\/web\/wp-json\/wp\/v2\/categories?post=11827"},{"taxonomy":"post_tag","embeddable":true,"href":"https:\/\/www.radiopresidenteibanez.cl\/web\/wp-json\/wp\/v2\/tags?post=11827"}],"curies":[{"name":"wp","href":"https:\/\/api.w.org\/{rel}","templated":true}]}}