{"id":11817,"date":"2020-05-11T17:27:17","date_gmt":"2020-05-11T17:27:17","guid":{"rendered":"https:\/\/www.radiopresidenteibanez.cl\/web\/?p=11817"},"modified":"2020-05-11T17:27:22","modified_gmt":"2020-05-11T17:27:22","slug":"carta-al-director-desempleo-de-junio","status":"publish","type":"post","link":"https:\/\/www.radiopresidenteibanez.cl\/web\/carta-al-director-desempleo-de-junio\/","title":{"rendered":"CARTA AL DIRECTOR: \u00abDESEMPLEO DE JUNIO\u00bb"},"content":{"rendered":"\n<p>Se\u00f1or Director<\/p>\n\n\n\n<p>Frente\na la fuerte alza de desempleo en la regi\u00f3n, la senadora Carolina Goic en un\nmedio de prensa declaro \u201cpedir\u00e9\na gobierno que\nse establezca de manera urgente\nun plan de ayuda especial para Magallanes\u201d. Por su parte\nnuestro diputado Gabriel\nBoric propone una \u201cRenta b\u00e1sica\nde<\/p>\n\n\n\n<p>emergencia\u201d\nla cual se financiar\u00eda con deuda. Nuestro senador Carlos\nBianchi en un emotivo y enardecido discurso en el congreso llamo al presidente\nde la republica aumentar los esfuerzos del ejecutivo en relaci\u00f3n con el cuidado\nde los puestos de trabajo y presentar \u201cmejores proyectos\u201d, antes de rechazar el proyecto de ley que permite el uso de seguro de\ndesempleo para evitar las temidas desvinculaciones durante la pandemia. En sus\nredes sociales y en los medios nuestra diputada Sandra Amar no se ha referido\nal problema del trabajo.<\/p>\n\n\n\n<p>\u00bfPor\nqu\u00e9 hacer este resumen?, \u00bfPor qu\u00e9 decid\u00ed ocupar parte de mi tiempo en buscar\ncuales han sido las actuaciones de nuestros representantes frente a la grave\ncrisis del trabajo que afecta nuestra regi\u00f3n y que nos golpeara aun mucho mas\nen los meses venideros?<\/p>\n\n\n\n<p>Fui\nrepresentante de mas de 500 personas que trabajaron en la miner\u00eda del carb\u00f3n en\nisla Riesco, 500 personas con un trabajo digno, con est\u00e1ndares de seguridad y\ncomodidades como ninguna empresa ofrece hoy a los magall\u00e1nicos. Cada d\u00eda hablo\ncon parte de esas personas, veo su dolor y angustia frente a la cesant\u00eda y el\noscuro panorama que se nos presenta y me es impresentable que nuestros\nsupuestos representantes pol\u00edticos no sean capaces frente a esta crisis de\nhacer llamados potentes al poder judicial para que se pronuncie prontamente y\nen base a los argumentos t\u00e9cnicos frente al proyecto de tronaduras.<\/p>\n\n\n\n<p>Ah\u00ed\nest\u00e1n las maquinarias detenidas, las instalaciones desoladas, el carb\u00f3n que\nrequiere el pa\u00eds bajo un manto de roca, mientras seguimos importando el\nnecesario mineral desde lugares remotos del planeta.<\/p>\n\n\n\n<p>Necesitamos\ncomo magall\u00e1nicos representantes pol\u00edticos jugados con la regi\u00f3n, no para pedir\nbonos o programas de empleo tipo PEM POJH, no para vender humo con supuestos\nbeneficios inexistentes e impagables que a la postre ser\u00e1n peor que la\nenfermedad. Con propuestas claras y realizables nacidas en la regi\u00f3n, no\nexigiendo al central solucionar nuestros problemas. Con pol\u00edticos que apoyen a\nlos creadores de empleo de la regi\u00f3n, ese restaurant o caf\u00e9, peluquer\u00eda y\ncuantos otros que hemos visto cerrado en el centro de la ciudad de la cual\ndependen muchos trabajos. Que usen la posici\u00f3n en la cual los puso esta\nciudadan\u00eda, los trabajadores de las PYMES, de las salmoniculturas, del carb\u00f3n.\nQue representen nuestros intereses, que luchen por nuestra industria, que\npiensen en nosotros.<\/p>\n\n\n\n<p>Mario S\u00e1nchez Tapia.<\/p>\n","protected":false},"excerpt":{"rendered":"<p>Se\u00f1or Director Frente a la fuerte alza de desempleo en la regi\u00f3n, la senadora Carolina Goic en un medio de prensa declaro \u201cpedir\u00e9 a gobierno que se establezca de manera&#8230; <a class=\"read-more\" href=\"https:\/\/www.radiopresidenteibanez.cl\/web\/carta-al-director-desempleo-de-junio\/\">Leer m\u00e1s<\/a><\/p>\n","protected":false},"author":2,"featured_media":11818,"comment_status":"closed","ping_status":"closed","sticky":false,"template":"","format":"standard","meta":{"footnotes":""},"categories":[1],"tags":[],"class_list":["post-11817","post","type-post","status-publish","format-standard","has-post-thumbnail","hentry","category-cronica"],"_links":{"self":[{"href":"https:\/\/www.radiopresidenteibanez.cl\/web\/wp-json\/wp\/v2\/posts\/11817","targetHints":{"allow":["GET"]}}],"collection":[{"href":"https:\/\/www.radiopresidenteibanez.cl\/web\/wp-json\/wp\/v2\/posts"}],"about":[{"href":"https:\/\/www.radiopresidenteibanez.cl\/web\/wp-json\/wp\/v2\/types\/post"}],"author":[{"embeddable":true,"href":"https:\/\/www.radiopresidenteibanez.cl\/web\/wp-json\/wp\/v2\/users\/2"}],"replies":[{"embeddable":true,"href":"https:\/\/www.radiopresidenteibanez.cl\/web\/wp-json\/wp\/v2\/comments?post=11817"}],"version-history":[{"count":0,"href":"https:\/\/www.radiopresidenteibanez.cl\/web\/wp-json\/wp\/v2\/posts\/11817\/revisions"}],"wp:featuredmedia":[{"embeddable":true,"href":"https:\/\/www.radiopresidenteibanez.cl\/web\/wp-json\/wp\/v2\/media\/11818"}],"wp:attachment":[{"href":"https:\/\/www.radiopresidenteibanez.cl\/web\/wp-json\/wp\/v2\/media?parent=11817"}],"wp:term":[{"taxonomy":"category","embeddable":true,"href":"https:\/\/www.radiopresidenteibanez.cl\/web\/wp-json\/wp\/v2\/categories?post=11817"},{"taxonomy":"post_tag","embeddable":true,"href":"https:\/\/www.radiopresidenteibanez.cl\/web\/wp-json\/wp\/v2\/tags?post=11817"}],"curies":[{"name":"wp","href":"https:\/\/api.w.org\/{rel}","templated":true}]}}