{"id":11810,"date":"2020-05-11T14:41:35","date_gmt":"2020-05-11T14:41:35","guid":{"rendered":"https:\/\/www.radiopresidenteibanez.cl\/web\/?p=11810"},"modified":"2020-05-11T14:41:39","modified_gmt":"2020-05-11T14:41:39","slug":"reconocimiento-a-cristina-latorre-por-cuidados-de-ninos-y-mujeres-kaweskar","status":"publish","type":"post","link":"https:\/\/www.radiopresidenteibanez.cl\/web\/reconocimiento-a-cristina-latorre-por-cuidados-de-ninos-y-mujeres-kaweskar\/","title":{"rendered":"RECONOCIMIENTO A CRISTINA LATORRE POR CUIDADOS DE NI\u00d1OS Y MUJERES KAW\u00c9SKAR"},"content":{"rendered":"\n<p>La Secretar\u00eda Regional Ministerial de la Mujer y Equidad de G\u00e9nero, en\nconjunto con Carabineros de la Primera Comisar\u00eda, llevaron a cabo una especial\nvisita a do\u00f1a Cristina Latorre Galindo en reconocimiento a su entrega y amor al\nhaber acogido a decenas de ni\u00f1os y mujeres Kaw\u00e9skar en su hogar. <\/p>\n\n\n\n<p>Muchos de ellos llegaban desde Puerto Ed\u00e9n hasta Punta Arenas, sin saber\nhablar el idioma y no ten\u00edan los medios para sobrevivir en la ciudad. Es la\nhistoria de Cristina Latorre Galindo, una magall\u00e1nica cuya abnegada labor fue\nreconocida por la SEREMI de la Mujer y Equidad de G\u00e9nero, Patricia Mackenney,\njunto a la subcomisario administrativa de la primera comisar\u00eda de Carabineros, Capit\u00e1n\nDaniela Vargas, acompa\u00f1adas por funcionarios de ambas entidades. <\/p>\n\n\n\n<p>Una historia que siempre recordar\u00e1 Cristina Latorre Galindo, de 70 a\u00f1os,\nfue cuando su madre, Teresa Latorre, escuch\u00f3 por la radio una entrevista a una\nfamilia Kaw\u00e9skar que hab\u00eda arribado al muelle de Punta Arenas y no ten\u00edan lugar\ndonde quedarse.&nbsp; Margarita Molinari se\nllamaba la mujer y hab\u00eda llegado con sus hijas en busca de nuevas\noportunidades.&nbsp; Fue&nbsp; tras ese contacto radial que Teresa junto a\nCristina fueron al puerto para ofrecer y brindar cobijo en su hogar a las\nintegrantes de la familia proveniente de la localidad situada en la Isla de\nWellington.<\/p>\n\n\n\n<p>\u00c9se fue el comienzo de un largo v\u00ednculo de Cristina Latorre con ni\u00f1os,\nmujeres y familias Kaw\u00e9skar que llegaban a la capital regional en busca de un\nnuevo hogar. Cristina brind\u00f3 techo, comida y educaci\u00f3n a decenas de integrantes\nde la etnia originaria, incluso adopt\u00f3 a un ni\u00f1o Kaw\u00e9skar, quien vive con la\nmujer que por d\u00e9cadas&nbsp; ha realizado una\nlabor an\u00f3nima y solidaria. <\/p>\n\n\n\n<p>Adem\u00e1s, la casa de Cristina Latorre siempre fue un comedor abierto para\nni\u00f1os en situaci\u00f3n de calle de la capital regional, los visitaba en el Hogar\ndel Ni\u00f1o Miraflores, celebraba sus cumplea\u00f1os y se convirti\u00f3 en la madrina de\nmuchos de ellos, y tambi\u00e9n de mujeres Kaw\u00e9skar que contrajeron matrimonio en\nPunta Arenas.<\/p>\n\n\n\n<p>Por ello, en el D\u00eda de la Madre su an\u00f3nima labor fue reconocida.\n\u00ab\u00c9sta es una fecha especial para resaltar y conmemorar toda la dedicaci\u00f3n\nque por d\u00e9cadas Cristina ha puesto en la protecci\u00f3n y cuidado de ni\u00f1os y\nmujeres Kaw\u00e9skar, y que a sus 70 a\u00f1os sigue proporcionando desinteresadamente\u00bb\ndijo la SEREMI &nbsp;de la Mujer y Equidad de\nG\u00e9nero, Patricia Mackenney, tras visitar a Cristina Toledo,&nbsp; junto a la Subcomisario Administrativa de la\nPrimera Comisar\u00eda de Punta Arenas, Capit\u00e1n de Carabineros Daniela Vargas y\nfuncionarios de ambas\nentidades.-<\/p>\n","protected":false},"excerpt":{"rendered":"<p>La Secretar\u00eda Regional Ministerial de la Mujer y Equidad de G\u00e9nero, en conjunto con Carabineros de la Primera Comisar\u00eda, llevaron a cabo una especial visita a do\u00f1a Cristina Latorre Galindo&#8230; <a class=\"read-more\" href=\"https:\/\/www.radiopresidenteibanez.cl\/web\/reconocimiento-a-cristina-latorre-por-cuidados-de-ninos-y-mujeres-kaweskar\/\">Leer m\u00e1s<\/a><\/p>\n","protected":false},"author":2,"featured_media":11811,"comment_status":"closed","ping_status":"closed","sticky":false,"template":"","format":"standard","meta":{"footnotes":""},"categories":[1],"tags":[],"class_list":["post-11810","post","type-post","status-publish","format-standard","has-post-thumbnail","hentry","category-cronica"],"_links":{"self":[{"href":"https:\/\/www.radiopresidenteibanez.cl\/web\/wp-json\/wp\/v2\/posts\/11810","targetHints":{"allow":["GET"]}}],"collection":[{"href":"https:\/\/www.radiopresidenteibanez.cl\/web\/wp-json\/wp\/v2\/posts"}],"about":[{"href":"https:\/\/www.radiopresidenteibanez.cl\/web\/wp-json\/wp\/v2\/types\/post"}],"author":[{"embeddable":true,"href":"https:\/\/www.radiopresidenteibanez.cl\/web\/wp-json\/wp\/v2\/users\/2"}],"replies":[{"embeddable":true,"href":"https:\/\/www.radiopresidenteibanez.cl\/web\/wp-json\/wp\/v2\/comments?post=11810"}],"version-history":[{"count":0,"href":"https:\/\/www.radiopresidenteibanez.cl\/web\/wp-json\/wp\/v2\/posts\/11810\/revisions"}],"wp:featuredmedia":[{"embeddable":true,"href":"https:\/\/www.radiopresidenteibanez.cl\/web\/wp-json\/wp\/v2\/media\/11811"}],"wp:attachment":[{"href":"https:\/\/www.radiopresidenteibanez.cl\/web\/wp-json\/wp\/v2\/media?parent=11810"}],"wp:term":[{"taxonomy":"category","embeddable":true,"href":"https:\/\/www.radiopresidenteibanez.cl\/web\/wp-json\/wp\/v2\/categories?post=11810"},{"taxonomy":"post_tag","embeddable":true,"href":"https:\/\/www.radiopresidenteibanez.cl\/web\/wp-json\/wp\/v2\/tags?post=11810"}],"curies":[{"name":"wp","href":"https:\/\/api.w.org\/{rel}","templated":true}]}}