{"id":11807,"date":"2020-05-11T13:42:58","date_gmt":"2020-05-11T13:42:58","guid":{"rendered":"https:\/\/www.radiopresidenteibanez.cl\/web\/?p=11807"},"modified":"2020-05-11T13:43:02","modified_gmt":"2020-05-11T13:43:02","slug":"municipio-de-porvenir-establece-por-decreto-el-uso-obligatorio-de-mascarilla","status":"publish","type":"post","link":"https:\/\/www.radiopresidenteibanez.cl\/web\/municipio-de-porvenir-establece-por-decreto-el-uso-obligatorio-de-mascarilla\/","title":{"rendered":"MUNICIPIO DE PORVENIR ESTABLECE POR DECRETO EL USO OBLIGATORIO DE MASCARILLA"},"content":{"rendered":"\n<p>Comienza\na regir este lunes tanto para personas que circulan por la v\u00eda p\u00fablica como\npara quienes atienden en el comercio de la ciudad.<\/p>\n\n\n\n<p>Cabe\nrecordar que, en los m\u00e1s de 50 d\u00edas, la comuna de Porvenir presenta 09 casos de\nCOVID-19 y mantiene en 0 los casos sospechosos. Esto se debe tanto al trabajo\ndel Comit\u00e9 de Emergencia y las medidas implementadas por el municipio, como al\ncompromiso de los ciudadanos de nuestra localidad.<\/p>\n\n\n\n<p>En ese sentido, la Alcaldesa de\nPorvenir, Marisol Andrade C\u00e1rdenas, se\u00f1al\u00f3 que \u201cfue aprobada por el concejo\nmunicipal la ordenanza que indica el uso obligatorio de este elemento de\nprotecci\u00f3n, la medida ya fue decretada y a partir de este lunes comienza a\nregir en Porvenir el uso obligatorio de la mascarilla\u201d.<\/p>\n\n\n\n<p>Agreg\u00f3 la primera autoridad comunal, que\n\u201cesta medida viene acompa\u00f1ada con la entrega para los vecinos de Porvenir, de\nun set de mascarillas y guantes que ayudar\u00e1 al proceso sanitario de los vecinos\ny que ser\u00e1n entregadas en todos los hogares de la comuna\u201d.<\/p>\n\n\n\n<p>De esta forma estamos apoyando las\nmedidas que han tomado la autoridad sanitaria y c\u00f3mo municipalidad nos estamos\nsumando a ser m\u00e1s efectivo el cuidado que debemos tener como comunidad;\nfinaliz\u00f3 la autoridad edilicia.<\/p>\n","protected":false},"excerpt":{"rendered":"<p>Comienza a regir este lunes tanto para personas que circulan por la v\u00eda p\u00fablica como para quienes atienden en el comercio de la ciudad. Cabe recordar que, en los m\u00e1s&#8230; <a class=\"read-more\" href=\"https:\/\/www.radiopresidenteibanez.cl\/web\/municipio-de-porvenir-establece-por-decreto-el-uso-obligatorio-de-mascarilla\/\">Leer m\u00e1s<\/a><\/p>\n","protected":false},"author":2,"featured_media":11808,"comment_status":"closed","ping_status":"closed","sticky":false,"template":"","format":"standard","meta":{"footnotes":""},"categories":[1],"tags":[],"class_list":["post-11807","post","type-post","status-publish","format-standard","has-post-thumbnail","hentry","category-cronica"],"_links":{"self":[{"href":"https:\/\/www.radiopresidenteibanez.cl\/web\/wp-json\/wp\/v2\/posts\/11807","targetHints":{"allow":["GET"]}}],"collection":[{"href":"https:\/\/www.radiopresidenteibanez.cl\/web\/wp-json\/wp\/v2\/posts"}],"about":[{"href":"https:\/\/www.radiopresidenteibanez.cl\/web\/wp-json\/wp\/v2\/types\/post"}],"author":[{"embeddable":true,"href":"https:\/\/www.radiopresidenteibanez.cl\/web\/wp-json\/wp\/v2\/users\/2"}],"replies":[{"embeddable":true,"href":"https:\/\/www.radiopresidenteibanez.cl\/web\/wp-json\/wp\/v2\/comments?post=11807"}],"version-history":[{"count":0,"href":"https:\/\/www.radiopresidenteibanez.cl\/web\/wp-json\/wp\/v2\/posts\/11807\/revisions"}],"wp:featuredmedia":[{"embeddable":true,"href":"https:\/\/www.radiopresidenteibanez.cl\/web\/wp-json\/wp\/v2\/media\/11808"}],"wp:attachment":[{"href":"https:\/\/www.radiopresidenteibanez.cl\/web\/wp-json\/wp\/v2\/media?parent=11807"}],"wp:term":[{"taxonomy":"category","embeddable":true,"href":"https:\/\/www.radiopresidenteibanez.cl\/web\/wp-json\/wp\/v2\/categories?post=11807"},{"taxonomy":"post_tag","embeddable":true,"href":"https:\/\/www.radiopresidenteibanez.cl\/web\/wp-json\/wp\/v2\/tags?post=11807"}],"curies":[{"name":"wp","href":"https:\/\/api.w.org\/{rel}","templated":true}]}}