{"id":11804,"date":"2020-05-11T13:25:26","date_gmt":"2020-05-11T13:25:26","guid":{"rendered":"https:\/\/www.radiopresidenteibanez.cl\/web\/?p=11804"},"modified":"2020-05-11T13:25:30","modified_gmt":"2020-05-11T13:25:30","slug":"iva-brigada-aerea-brindo-celebraciones-religiosas-virtuales-con-motivo-del-dia-de-la-madre","status":"publish","type":"post","link":"https:\/\/www.radiopresidenteibanez.cl\/web\/iva-brigada-aerea-brindo-celebraciones-religiosas-virtuales-con-motivo-del-dia-de-la-madre\/","title":{"rendered":"IV\u00aa BRIGADA A\u00c9REA BRIND\u00d3 CELEBRACIONES RELIGIOSAS VIRTUALES CON MOTIVO DEL D\u00cdA DE LA MADRE"},"content":{"rendered":"\n<p>A trav\u00e9s de celebraciones religiosas\n\u00abonline\u00bb, las capellan\u00edas cat\u00f3lica y evang\u00e9lica de la IV\u00aa Brigada\nA\u00e9rea homenajearon a las madres en su d\u00eda, reconociendo su rol y entregando un\nemotivo mensaje de amor y fe en los tiempos dif\u00edciles que se viven producto de\nla pandemia.<\/p>\n\n\n\n<p>La iniciativa se desarroll\u00f3 el domingo 10 de\nmayo, con una misa al mediod\u00eda en la Capilla Nuestra Se\u00f1ora de Loreto, oficiada\npor el Comandante de Grupo (SR) Rosiel Ruiz, y un culto a las 19.00 horas en la\nIglesia Bautista Vertiente, oficiada por el capell\u00e1n evang\u00e9lico Samuel Obando,\nlas que fueron transmitidas en vivo por las cuentas de facebook de los respectivos\ntemplos religiosos.<\/p>\n\n\n\n<p>La primera de ellas incorpor\u00f3 la presencia de\nfotograf\u00edas enviadas por la comunidad, en memoria de las madres que no se\nencuentran f\u00edsicamente con sus seres queridos, y tambi\u00e9n de familias que\nquisieron participar en esta ocasi\u00f3n especial. \u00abEn este d\u00eda que celebramos\na las madres volvemos a nuestro origen, a nuestros proyectos de vida, ellas nos\ndieron el impulso para partir y es bueno agradecerles y recordar cu\u00e1nta deuda\ntenemos con ellas\u00bb, expres\u00f3 el capell\u00e1n Rosiel Ruiz.<\/p>\n\n\n\n<p>Por su parte, el culto evang\u00e9lico entreg\u00f3 un\nmensaje basado en la valoraci\u00f3n del ser madre y de esperanza a quienes anhelan\nserlo. \u00abLas oraciones, canciones y la predicaci\u00f3n de la palabra de Dios\nestuvieron orientadas a resaltar la importancia de las madres en nuestras\nvidas, alentando a la sociedad a valorar a las mujeres y la maternidad, junto\ncon rogar por quienes no han encontrado respuesta a ese deseo de dar amor a un\nnuevo ser\u00bb, plante\u00f3 el capell\u00e1n Samuel Obando.<\/p>\n\n\n\n<p>Ambas capellan\u00edas contextualizan su quehacer en\nla Bandada Asistencial del Grupo de Bienestar Social de la IV\u00aa Brigada A\u00e9rea,\ncuyo equipo humano se ha desplegado constantemente en iniciativas de apoyo\nespiritual y ayuda social, ante la emergencia sanitaria.<\/p>\n","protected":false},"excerpt":{"rendered":"<p>A trav\u00e9s de celebraciones religiosas \u00abonline\u00bb, las capellan\u00edas cat\u00f3lica y evang\u00e9lica de la IV\u00aa Brigada A\u00e9rea homenajearon a las madres en su d\u00eda, reconociendo su rol y entregando un emotivo&#8230; <a class=\"read-more\" href=\"https:\/\/www.radiopresidenteibanez.cl\/web\/iva-brigada-aerea-brindo-celebraciones-religiosas-virtuales-con-motivo-del-dia-de-la-madre\/\">Leer m\u00e1s<\/a><\/p>\n","protected":false},"author":2,"featured_media":11805,"comment_status":"closed","ping_status":"closed","sticky":false,"template":"","format":"standard","meta":{"footnotes":""},"categories":[1],"tags":[],"class_list":["post-11804","post","type-post","status-publish","format-standard","has-post-thumbnail","hentry","category-cronica"],"_links":{"self":[{"href":"https:\/\/www.radiopresidenteibanez.cl\/web\/wp-json\/wp\/v2\/posts\/11804","targetHints":{"allow":["GET"]}}],"collection":[{"href":"https:\/\/www.radiopresidenteibanez.cl\/web\/wp-json\/wp\/v2\/posts"}],"about":[{"href":"https:\/\/www.radiopresidenteibanez.cl\/web\/wp-json\/wp\/v2\/types\/post"}],"author":[{"embeddable":true,"href":"https:\/\/www.radiopresidenteibanez.cl\/web\/wp-json\/wp\/v2\/users\/2"}],"replies":[{"embeddable":true,"href":"https:\/\/www.radiopresidenteibanez.cl\/web\/wp-json\/wp\/v2\/comments?post=11804"}],"version-history":[{"count":0,"href":"https:\/\/www.radiopresidenteibanez.cl\/web\/wp-json\/wp\/v2\/posts\/11804\/revisions"}],"wp:featuredmedia":[{"embeddable":true,"href":"https:\/\/www.radiopresidenteibanez.cl\/web\/wp-json\/wp\/v2\/media\/11805"}],"wp:attachment":[{"href":"https:\/\/www.radiopresidenteibanez.cl\/web\/wp-json\/wp\/v2\/media?parent=11804"}],"wp:term":[{"taxonomy":"category","embeddable":true,"href":"https:\/\/www.radiopresidenteibanez.cl\/web\/wp-json\/wp\/v2\/categories?post=11804"},{"taxonomy":"post_tag","embeddable":true,"href":"https:\/\/www.radiopresidenteibanez.cl\/web\/wp-json\/wp\/v2\/tags?post=11804"}],"curies":[{"name":"wp","href":"https:\/\/api.w.org\/{rel}","templated":true}]}}