{"id":11801,"date":"2020-05-11T13:22:06","date_gmt":"2020-05-11T13:22:06","guid":{"rendered":"https:\/\/www.radiopresidenteibanez.cl\/web\/?p=11801"},"modified":"2020-05-11T13:22:09","modified_gmt":"2020-05-11T13:22:09","slug":"consejeros-regionales-se-reunen-con-intendente-y-jefes-de-divisiones-del-gore-en-busca-de-coordinar-propuesta-presupuestaria-que-responda-a-las-necesidades-de-la-poblacion-en-epoca-de-pandemia","status":"publish","type":"post","link":"https:\/\/www.radiopresidenteibanez.cl\/web\/consejeros-regionales-se-reunen-con-intendente-y-jefes-de-divisiones-del-gore-en-busca-de-coordinar-propuesta-presupuestaria-que-responda-a-las-necesidades-de-la-poblacion-en-epoca-de-pandemia\/","title":{"rendered":"CONSEJEROS REGIONALES SE RE\u00daNEN CON INTENDENTE Y JEFES DE DIVISIONES DEL GORE EN BUSCA DE COORDINAR PROPUESTA PRESUPUESTARIA QUE RESPONDA  A LAS NECESIDADES DE LA POBLACI\u00d3N EN \u00c9POCA DE PANDEMIA"},"content":{"rendered":"\n<p>Una extensa y provechosa\njornada de trabajo semipresencial y a trav\u00e9s de videoconferencia llevaron a\ncabo este viernes los Consejeros Regionales junto al Intendente, Jos\u00e9 Fern\u00e1ndez\ny los jefes de las distintas divisiones del Gobierno Regional de Magallanes y\nde la Ant\u00e1rtica Chilena. <\/p>\n\n\n\n<p>En la &nbsp;instancia convocada por la comisi\u00f3n Prepuesto\ny Fomento del CORE, se revisaron entre otras materias, proyectos y programas pendientes en su ejecuci\u00f3n, &nbsp;Convenios\nde Programaci\u00f3n con los distintos sectores y el porcentaje de ejecuci\u00f3n de las iniciativas\nFRIL (Fondo Regional de Iniciativa Local) &nbsp;a efecto de conocer&nbsp; su estado de avance con miras a establecer la\npriorizaci\u00f3n de proyectos que favorezcan la generaci\u00f3n de empleo y mano de obra\nen los meses venideros.<\/p>\n\n\n\n<p>Seg\u00fan\ncoment\u00f3 el presidente de la comisi\u00f3n Presupuesto, Ram\u00f3n Lobos, esta ser\u00eda la\nprimera de varias reuniones que tienen por objetivo ir evaluando\nlas&nbsp; distintas iniciativas a fin de\nfortalecer el desarrollo de la regi\u00f3n en \u00e9poca de pandemia y concurrir con\napoyo a quienes m\u00e1s lo van a necesitar. &nbsp;\u201cLa\nejecuci\u00f3n del proyecto presupuestario debe estar enfocado hacia la generaci\u00f3n\nde puestos de trabajo y dar respuesta a las necesidades de la poblaci\u00f3n y eso\nhoy lo est\u00e1 cautelando el Consejo Regional en su rol de ser part\u00edcipes de la administraci\u00f3n\nregional. En esta primera reuni\u00f3n hemos sido informados respecto de las mesas\nde trabajo intersectoriales que se est\u00e1n realizando para abordar el tema\nsanitario, lo social y lo econ\u00f3mico e ir trabando en la resoluci\u00f3n de las\nproblem\u00e1ticas de la comunidad. &nbsp;Sabemos que\nser\u00e1 extenso y demandar\u00e1 del trabajo del Estado como un solo ente\u201d, afirm\u00f3 el\nconsejero Lobos. <\/p>\n\n\n\n<p>Por su parte el consejero, Miguel\nSierpe, dijo que se fue una extensa y provechosa &nbsp;jornada cuyo objetivo principal fue coordinar las\nacciones necesarias para reactivar la econom\u00eda regional. &nbsp;\u201cTenemos una interpretaci\u00f3n diferente con el\njefe de la divisi\u00f3n de Presupuesto ya que como Consejo hace tiempo solicitamos\nque se haga una revisi\u00f3n completa de los proyectos, en especial de aquellos aprobados\nhace m\u00e1s de un a\u00f1o y que a\u00fan no se desarrollan, &nbsp;los cuales fueron dise\u00f1ados en otra realidad. &nbsp;Hoy &nbsp;la\nvida nos ha golpeado inmensamente por tanto hemos pedido un arqueo de proyectos\npara ver aquellos que tienen una coherencia l\u00f3gica con la situaci\u00f3n que se vive\nen la regi\u00f3n ya que no contamos con recursos especiales desde el nivel central\npara enfrentarla y debemos intentar sumar lo que tenemos para llegar a una\ncifra interesante y reactivar las micro y peque\u00f1as empresas, ya que si bien hay\nprogramas de Gobierno dirigidos a dar liquidez a trav\u00e9s de la banca, una enorme\ncantidad de personas no logra acceder a ello\u201d, detall\u00f3. <\/p>\n\n\n\n<p>Por otro lado \u201ctambi\u00e9n pudimos\nconocer proyectos aprobados en torno a&nbsp; los\nrecursos 6% de asignaci\u00f3n directa que hace el Intendente con participaci\u00f3n de Consejeros\nRegionales y es importante destacar algunos que nos generan esperanza como la\nadquisici\u00f3n del complemento para el equipo de an\u00e1lisis de muestras PCR que nos permitir\u00e1\ntener mayor autonom\u00eda en torno a la toma de muestra &nbsp;y el otro tiene que ver con una terapia en\npleno desarrollo que esta estado dando muy buenos resultados en el pa\u00eds que\nconsiste en inocular plasma convaleciente y pronto la podremos estar aplic\u00e1ndola\nen Magallanes a trav\u00e9s de grandes profesionales como los infect\u00f3logos del\nHospital Cl\u00ednico, la doctora M\u00f3nica Pinto y el doctor Rodrigo Mu\u00f1oz, el\nhemat\u00f3logo del CADI UMAG, Marcelo Navarrete y profesionales del CEQUA\u201d, coment\u00f3\nel consejero Sierpe.<\/p>\n\n\n\n<p>De acuerdo a lo comprometido\npor los jefes de divisiones del Gobierno Regional &nbsp;el pr\u00f3ximo mi\u00e9rcoles los consejeros y\nconsejeras recibir\u00e1n un informe actualizado de recursos que podr\u00edan ser\nreorientados a potenciar programas de fortalecimiento a micro y peque\u00f1as\nempresas. <\/p>\n","protected":false},"excerpt":{"rendered":"<p>Una extensa y provechosa jornada de trabajo semipresencial y a trav\u00e9s de videoconferencia llevaron a cabo este viernes los Consejeros Regionales junto al Intendente, Jos\u00e9 Fern\u00e1ndez y los jefes de&#8230; <a class=\"read-more\" href=\"https:\/\/www.radiopresidenteibanez.cl\/web\/consejeros-regionales-se-reunen-con-intendente-y-jefes-de-divisiones-del-gore-en-busca-de-coordinar-propuesta-presupuestaria-que-responda-a-las-necesidades-de-la-poblacion-en-epoca-de-pandemia\/\">Leer m\u00e1s<\/a><\/p>\n","protected":false},"author":2,"featured_media":11802,"comment_status":"closed","ping_status":"closed","sticky":false,"template":"","format":"standard","meta":{"footnotes":""},"categories":[1],"tags":[],"class_list":["post-11801","post","type-post","status-publish","format-standard","has-post-thumbnail","hentry","category-cronica"],"_links":{"self":[{"href":"https:\/\/www.radiopresidenteibanez.cl\/web\/wp-json\/wp\/v2\/posts\/11801","targetHints":{"allow":["GET"]}}],"collection":[{"href":"https:\/\/www.radiopresidenteibanez.cl\/web\/wp-json\/wp\/v2\/posts"}],"about":[{"href":"https:\/\/www.radiopresidenteibanez.cl\/web\/wp-json\/wp\/v2\/types\/post"}],"author":[{"embeddable":true,"href":"https:\/\/www.radiopresidenteibanez.cl\/web\/wp-json\/wp\/v2\/users\/2"}],"replies":[{"embeddable":true,"href":"https:\/\/www.radiopresidenteibanez.cl\/web\/wp-json\/wp\/v2\/comments?post=11801"}],"version-history":[{"count":0,"href":"https:\/\/www.radiopresidenteibanez.cl\/web\/wp-json\/wp\/v2\/posts\/11801\/revisions"}],"wp:featuredmedia":[{"embeddable":true,"href":"https:\/\/www.radiopresidenteibanez.cl\/web\/wp-json\/wp\/v2\/media\/11802"}],"wp:attachment":[{"href":"https:\/\/www.radiopresidenteibanez.cl\/web\/wp-json\/wp\/v2\/media?parent=11801"}],"wp:term":[{"taxonomy":"category","embeddable":true,"href":"https:\/\/www.radiopresidenteibanez.cl\/web\/wp-json\/wp\/v2\/categories?post=11801"},{"taxonomy":"post_tag","embeddable":true,"href":"https:\/\/www.radiopresidenteibanez.cl\/web\/wp-json\/wp\/v2\/tags?post=11801"}],"curies":[{"name":"wp","href":"https:\/\/api.w.org\/{rel}","templated":true}]}}