{"id":11798,"date":"2020-05-11T13:12:25","date_gmt":"2020-05-11T13:12:25","guid":{"rendered":"https:\/\/www.radiopresidenteibanez.cl\/web\/?p=11798"},"modified":"2020-05-11T13:12:29","modified_gmt":"2020-05-11T13:12:29","slug":"concluye-ronda-de-reuniones-del-core-magallanes-junto-a-alcaldes","status":"publish","type":"post","link":"https:\/\/www.radiopresidenteibanez.cl\/web\/concluye-ronda-de-reuniones-del-core-magallanes-junto-a-alcaldes\/","title":{"rendered":"CONCLUYE RONDA DE REUNIONES DEL CORE MAGALLANES JUNTO A ALCALDES"},"content":{"rendered":"\n<p>Los Consejeros Regionales se\nreunieron de manera semipresencial y por videoconfrencia con los alcaldes de\nTorres del Paine, San Gregorio y Timaukel, concretando de esta forma una ronda\nde trabajo junto a los ediles de cada comuna a fin de conocer como han ido\navanzando frente a la pandemia, sus logros y preocupaciones. <\/p>\n\n\n\n<p>Seg\u00fan describi\u00f3 el presidente\nde la comisi\u00f3n Social, Juan Vukusich, las comunas presentes en esta tercera\njornada, no han presentado grandes dificultades gracias a una organizaci\u00f3n\ninterna que les ha permitido tener cierto orden respecto a los que est\u00e1\npasando, excepto San Gregorio debido a que existe un mayor tr\u00e1nsito de personas\n\u201cno est\u00e1n seguros que se est\u00e9n siguiendo los protocolos y requieren de una\nintervenci\u00f3n de la autoridad sanitaria puesto que ya tienen un contagio y no saben\nde d\u00f3nde proviene ya que el afectado asegura no haber salido de la comuna\u201d.<\/p>\n\n\n\n<p>En cuanto al tema laboral, Vukusich,\ncoment\u00f3 que en San Gregorio, hay personas que perdieron su trabajo, la mayor\u00eda residen\nen Punta Arenas y se desempe\u00f1aban en el \u00e1rea de extracci\u00f3n de gas y petr\u00f3leo. &nbsp;Por otro lado \u201cen Torres del Paine, si bien\nest\u00e1n preparados para que en invierno baje el flujo laboral, les preocupa el\nfuturo del turismo y manifestaron su temor ante una eventual apertura del\nparque Torres del Paine que podr\u00eda significar mayor posibilidad de contagios. Se\nest\u00e1n buscando soluciones que obviamente dependen de la posibilidad de destinar\nrecursos para activar en el mediano plazo alguna actividad a fin de lograr que\nel impacto econ\u00f3mico no sea tan grande como se vislumbra\u201d, detall\u00f3. <\/p>\n\n\n\n<p>Por su parte el consejero,\nAntonio Bradasic, manifest\u00f3 \u201chemos evidenciado la preocupaci\u00f3n de todos las alcaldes\nante la falta de coordinaci\u00f3n entre las autoridades y la poca presencia de\nellas especialmente en las comunas rurales. En San Gregorio hay un caso\nconfirmado el cual fue descubierto casualmente tras un accidente en un partido\nde futbol por tanto urge hacer seguimiento de todos sus contactos y efectuarles\nun test\u201d.<\/p>\n\n\n\n<p>En tanto el consejero, Marcelo\nGarrido, valor\u00f3 la actividad \u201cme siento muy orgulloso de pertenecer a este\ncuerpo colegiado, el cual dejando atr\u00e1s cualquier tipo de diferencia, ha sido\ncapaz de tomar el liderazgo en la gesti\u00f3n y llamar a los distintos actores, en\neste caso los alcaldes. Esta actividad nos ha permitido conocer de primera fuente\ncomo est\u00e1 afectando el COVID-19 en cada territorio. Por otro lado hemos evidenciado\nla falta de liderazgo y coordinaci\u00f3n respecto a c\u00f3mo se distribuir\u00e1 la ayuda a\nla personas afectadas\u201d, afirm\u00f3. <\/p>\n\n\n\n<p>Finalmente Garrido, destac\u00f3 el\ntrabajo de los alcaldes y agradeci\u00f3 la informaci\u00f3n entregada por cada uno de\nellos \u201ces una tremenda base de datos y una radiograf\u00eda real de lo que est\u00e1\npasando. Como Consejo Regional canalizaremos esta informaci\u00f3n a trav\u00e9s de un resumen\nejecutivo por comuna. Consideramos que ser\u00e1 un documento sumamente importante y\nfundamental en la toma de decisiones referidas a la utilizaci\u00f3n y distribuci\u00f3n de\nlos recursos\u201d, concluy\u00f3.<\/p>\n","protected":false},"excerpt":{"rendered":"<p>Los Consejeros Regionales se reunieron de manera semipresencial y por videoconfrencia con los alcaldes de Torres del Paine, San Gregorio y Timaukel, concretando de esta forma una ronda de trabajo&#8230; <a class=\"read-more\" href=\"https:\/\/www.radiopresidenteibanez.cl\/web\/concluye-ronda-de-reuniones-del-core-magallanes-junto-a-alcaldes\/\">Leer m\u00e1s<\/a><\/p>\n","protected":false},"author":2,"featured_media":11799,"comment_status":"closed","ping_status":"closed","sticky":false,"template":"","format":"standard","meta":{"footnotes":""},"categories":[1],"tags":[],"class_list":["post-11798","post","type-post","status-publish","format-standard","has-post-thumbnail","hentry","category-cronica"],"_links":{"self":[{"href":"https:\/\/www.radiopresidenteibanez.cl\/web\/wp-json\/wp\/v2\/posts\/11798","targetHints":{"allow":["GET"]}}],"collection":[{"href":"https:\/\/www.radiopresidenteibanez.cl\/web\/wp-json\/wp\/v2\/posts"}],"about":[{"href":"https:\/\/www.radiopresidenteibanez.cl\/web\/wp-json\/wp\/v2\/types\/post"}],"author":[{"embeddable":true,"href":"https:\/\/www.radiopresidenteibanez.cl\/web\/wp-json\/wp\/v2\/users\/2"}],"replies":[{"embeddable":true,"href":"https:\/\/www.radiopresidenteibanez.cl\/web\/wp-json\/wp\/v2\/comments?post=11798"}],"version-history":[{"count":0,"href":"https:\/\/www.radiopresidenteibanez.cl\/web\/wp-json\/wp\/v2\/posts\/11798\/revisions"}],"wp:featuredmedia":[{"embeddable":true,"href":"https:\/\/www.radiopresidenteibanez.cl\/web\/wp-json\/wp\/v2\/media\/11799"}],"wp:attachment":[{"href":"https:\/\/www.radiopresidenteibanez.cl\/web\/wp-json\/wp\/v2\/media?parent=11798"}],"wp:term":[{"taxonomy":"category","embeddable":true,"href":"https:\/\/www.radiopresidenteibanez.cl\/web\/wp-json\/wp\/v2\/categories?post=11798"},{"taxonomy":"post_tag","embeddable":true,"href":"https:\/\/www.radiopresidenteibanez.cl\/web\/wp-json\/wp\/v2\/tags?post=11798"}],"curies":[{"name":"wp","href":"https:\/\/api.w.org\/{rel}","templated":true}]}}