{"id":11796,"date":"2020-05-11T13:10:01","date_gmt":"2020-05-11T13:10:01","guid":{"rendered":"https:\/\/www.radiopresidenteibanez.cl\/web\/?p=11796"},"modified":"2020-05-11T13:10:12","modified_gmt":"2020-05-11T13:10:12","slug":"preparar-las-herramientas-por-ernesto-sepulveda","status":"publish","type":"post","link":"https:\/\/www.radiopresidenteibanez.cl\/web\/preparar-las-herramientas-por-ernesto-sepulveda\/","title":{"rendered":"PREPARAR LAS HERRAMIENTAS  por ERNESTO SEPULVEDA"},"content":{"rendered":"\n<p>La vor\u00e1gine en que hemos estado inmersos en Chile, parece no\ntener fin, y un sentimiento de desanimo ronda en las filas de los emprendedores\ny de sus trabajadores. Pareciera que el mes de octubre, del llamado \u201cestallido\nsocial\u201d, dur\u00f3 hasta el mes de febrero. S\u00f3lo concluy\u00f3 cuando hizo su aparici\u00f3n\nla pandemia del siglo, el Coronavirus con el primer caso identificado en el mes\nde marzo. Desde all\u00ed hasta ac\u00e1, parece que marzo a\u00fan no concluye. M\u00e1s si le\nagregamos el a\u00f1o escolar que no alcanz\u00f3 a durar ni dos semanas, por la\nsuspensi\u00f3n total de clases presenciales. Si a alguien le cab\u00eda alguna duda de\nque este a\u00f1o no iba a ser normal, ah\u00ed est\u00e1 el estado de excepci\u00f3n\nconstitucional de cat\u00e1strofe, decretado para todo el pa\u00eds. Tambi\u00e9n toque de\nqueda entre las 22,00 horas y las 5,00 AM. Como no sucedi\u00f3 nunca antes en\nChile, se tuvo que disponer cuarentenas, en distintas zonas del pa\u00eds. La idea\nes que las personas permanecieran en casa, para evitar los contagios. Las empresas\nde menor tama\u00f1o, el peque\u00f1o comercio, que ya ven\u00eda resentido desde octubre de\n2019, con la prohibici\u00f3n de salir a las calles, recibi\u00f3 la \u00faltima paletada de\ntierra.<\/p>\n\n\n\n<p>Como hemos referido en otras columnas, los esfuerzos\nlegislativos del gobierno, modificados y aumentados en el parlamento, para ir\nen ayuda de los sectores econ\u00f3micos m\u00e1s golpeados, a\u00fan son insuficientes. Y\npareciera ser que vale la pena guardar algunos recursos fiscales, para los\nmeses venideros.<\/p>\n\n\n\n<p>Los pa\u00edses desarrollados, paulatinamente inician el retorno a\nactividades, guardando todas las medidas de prevenci\u00f3n. Vemos en Alemania, con\nla friolera de cinco mil personas fallecidas, se retoman las actividades\necon\u00f3micas y productivas. Lo mismo ya ha ocurrido en China, gracias a lo cual,\nhan empezado a llegar a distintos pa\u00edses incluido Chile, los ventiladores\nmec\u00e1nicos, robots para ex\u00e1menes PCR, e insumos sanitarios.<\/p>\n\n\n\n<p>Los trabajadores asalariados de todo Chile est\u00e1n sintiendo el\ntemor al despido, temor al cierre de sus lugares de trabajo. Otros subsisten\ncon dificultad con el subsidio de cesant\u00eda, en los casos en que sus empleadores\nse acogieron a la suspensi\u00f3n del contrato de trabajo.&nbsp; Pero estos tiempos tan duros, tambi\u00e9n traen\noportunidades. Es un hecho que los cambios que estamos viviendo, en la forma\ncomo estudiamos, a trav\u00e9s de plataformas on line. O el sinn\u00famero de actividades\nque ahora pueden hacerse desde el propio hogar del trabajador. Constituyen\ncambios que llegaron para quedarse. Las oportunidades de empleo, que la econom\u00eda\nva a proveer cuando retome su marcha, va a estar marcada por los empleos\nrelacionados con la tecnolog\u00eda de las comunicaciones. Tareas relacionadas con\nla rob\u00f3tica y la inteligencia artificial. Trabajos relacionados con el dise\u00f1o y\nprogramaci\u00f3n de nuevas herramientas tecnol\u00f3gicas.<\/p>\n\n\n\n<p>Estas materias, que parecen estar escritas en chino mandar\u00edn,\nson una realidad para miles de hombres y mujeres chilenos. Al alcance de\ncualquiera, s\u00f3lo se necesita ganas de aprender, curiosidad, y perderle el temor\nal cambio.<\/p>\n\n\n\n<p>Por sugerencia de un profesor de la Universidad de\nMagallanes, la semana pasada vimos en su curso, un video del programa \u201cSin\ncorbata\u201d. Se hablaba de la necesidad de que los trabajadores contin\u00faen a trav\u00e9s\nde toda su vida laboral, capacit\u00e1ndose, adquiriendo nuevas competencias.&nbsp; Junto al invitado oficial, subsecretario del Trabajo,\nestaban representantes de Startups chilenas, o con presencia en Chile. Una de\nellas fue \u201cLaboratoria\u201d, Startup de educaci\u00f3n, entidad que funciona desde 2013,\ny seg\u00fan informa en su p\u00e1gina web, tiene presencia en M\u00e9xico, Colombia, Per\u00fa,\nBrasil y Chile. Ellos tienen un programa dirigido a las mujeres, que no han recibido\neducaci\u00f3n superior, con problemas para conseguir empleo. Cuentan ya, con 1.500\nmujeres egresadas de su programa de formaci\u00f3n en desarrollo web y programaci\u00f3n.\nEl programa es sin costo, dura 6 meses, y concluye con una vinculaci\u00f3n con\nempresas. Se indica que el 80% se inserta laboralmente en el \u00e1rea de\ninform\u00e1tica o desarrollo de empresas. Estas empresas optan por contratar a\nmujeres, por su mentalidad de superaci\u00f3n y sus habilidades.<\/p>\n\n\n\n<p>Otra entidad que conocimos all\u00ed, fue \u201cSocial Lab\u201d, est\u00e1\ndefinida como una \u201cred de solucionadores de problemas\u201d. Su p\u00e1gina web refiere,\nque re\u00fane a m\u00e1s de 600 mil creativos de 96 pa\u00edses del mundo. En 6 a\u00f1os han\nefectuado m\u00e1s de 100 convocatorias, con participaci\u00f3n de 51 organizaciones que\ngeneran innovaci\u00f3n social. Lo particular en este caso, es que definen como su\nmotivaci\u00f3n la \u201cEconom\u00eda del amor\u201d. Buscan mejorar la vida de las personas, a\ntrav\u00e9s del impulso de \u201cnegocios sociales\u201d, que brinden oportunidades a las\npersonas, y no sean limitadas por su entorno. Tienen presencia en Chile,\nArgentina, Colombia, M\u00e9xico, Uruguay y Guatemala.<\/p>\n\n\n\n<p>Tambi\u00e9n estuvo la \u201cFundaci\u00f3n Caleiseis\u201d, que busca mejorar la\nempleabilidad de personas que no tuvieron acceso a educaci\u00f3n superior. Se\nproporciona formaci\u00f3n y conocimientos en el \u00e1rea de inteligencia artificial.\nEsta entidad, aplica un sistema de aprendizaje \u201cbasado en proyectos\u201d. No se\nentrega una capacitaci\u00f3n lineal, sino que los propios alumnos, van adquiriendo\nhabilidades, a medida que desarrollan un proyecto concreto. Con la gu\u00eda y\norientaci\u00f3n de monitores. El programa dura 5 meses, es sin costo. Establece una\nedad m\u00ednima para postular de 20 a\u00f1os, pero no fija un l\u00edmite de edad. Esta\nentidad es patrocinada por empresas que requieren contar con mano de obra\ncalificada, por lo que tambi\u00e9n ac\u00e1 se asegura una alta probabilidad de\ncontrataci\u00f3n laboral.<\/p>\n\n\n\n<p>Qu\u00e9 est\u00e1 haciendo el estado sobre esta materia, a\u00fan est\u00e1 en\ncurso la modernizaci\u00f3n del sistema de capacitaci\u00f3n SENCE. Por ahora se ha\nintroducido modificaciones tales como, eliminar la edad tope para postular.\nAsimismo, se va a incorporar una obligaci\u00f3n adicional, a los organismos\nt\u00e9cnicos ejecutores. Incluyendo acciones tendientes a lograr la empleabilidad\nde los capacitados. Aunque sigue pendiente, la definici\u00f3n de bater\u00edas de curso,\ncon pertinencia econ\u00f3mica y social, de los territorios. Una mayor profundidad\nde las capacitaciones, y con vinculaci\u00f3n directa con los sectores productivos. <\/p>\n\n\n\n<p>Volver a estudiar, es un desaf\u00edo para cualquier trabajador,\npero no hay alternativa. Con una vida estimada en 105 a 110 a\u00f1os por las AFP, y\ncon pensiones miserables, no podemos darnos el lujo de quedarnos sin hacer\nnada. Es imprescindible para que la nueva econom\u00eda sea incluyente, contar con\nla conexi\u00f3n y servicio de internet como un servicio b\u00e1sico. Todo hogar en Chile\ndebe contar con una conexi\u00f3n a bajo costo, y en los casos de quintiles mas\nvulnerables con subsidio estatal para costear su consumo. Las plataformas\ntecnol\u00f3gicas \u201cCorren virtualmente\u201d por la super carretera de fibra \u00f3ptica.\nTodas las oportunidades de trabajo, que se abren gracias a la tecnolog\u00eda,\nampliar\u00e1n el universo de trabajadores. Para mujeres jefas de hogar, en jornadas\nparciales de teletrabajo. O para adultos mayores que quieran prestar un\nservicio remunerado desde sus hogares. O para personas con capacidades\ndiferentes, que tambi\u00e9n pueden destinar parte de su tiempo para una actividad remunerada.<\/p>\n\n\n\n<p>Vivimos tiempos convulsos, desafiantes, pero est\u00e1n dadas las\ncondiciones para que quienes pierdan el miedo a los cambios, encuentren nuevas\noportunidades de desarrollo personal y familiar.<\/p>\n\n\n\n<p>Ernesto Sep\u00falveda Tornero<\/p>\n","protected":false},"excerpt":{"rendered":"<p>La vor\u00e1gine en que hemos estado inmersos en Chile, parece no tener fin, y un sentimiento de desanimo ronda en las filas de los emprendedores y de sus trabajadores. Pareciera&#8230; <a class=\"read-more\" href=\"https:\/\/www.radiopresidenteibanez.cl\/web\/preparar-las-herramientas-por-ernesto-sepulveda\/\">Leer m\u00e1s<\/a><\/p>\n","protected":false},"author":2,"featured_media":2310,"comment_status":"closed","ping_status":"closed","sticky":false,"template":"","format":"standard","meta":{"footnotes":""},"categories":[1],"tags":[],"class_list":["post-11796","post","type-post","status-publish","format-standard","has-post-thumbnail","hentry","category-cronica"],"_links":{"self":[{"href":"https:\/\/www.radiopresidenteibanez.cl\/web\/wp-json\/wp\/v2\/posts\/11796","targetHints":{"allow":["GET"]}}],"collection":[{"href":"https:\/\/www.radiopresidenteibanez.cl\/web\/wp-json\/wp\/v2\/posts"}],"about":[{"href":"https:\/\/www.radiopresidenteibanez.cl\/web\/wp-json\/wp\/v2\/types\/post"}],"author":[{"embeddable":true,"href":"https:\/\/www.radiopresidenteibanez.cl\/web\/wp-json\/wp\/v2\/users\/2"}],"replies":[{"embeddable":true,"href":"https:\/\/www.radiopresidenteibanez.cl\/web\/wp-json\/wp\/v2\/comments?post=11796"}],"version-history":[{"count":0,"href":"https:\/\/www.radiopresidenteibanez.cl\/web\/wp-json\/wp\/v2\/posts\/11796\/revisions"}],"wp:featuredmedia":[{"embeddable":true,"href":"https:\/\/www.radiopresidenteibanez.cl\/web\/wp-json\/wp\/v2\/media\/2310"}],"wp:attachment":[{"href":"https:\/\/www.radiopresidenteibanez.cl\/web\/wp-json\/wp\/v2\/media?parent=11796"}],"wp:term":[{"taxonomy":"category","embeddable":true,"href":"https:\/\/www.radiopresidenteibanez.cl\/web\/wp-json\/wp\/v2\/categories?post=11796"},{"taxonomy":"post_tag","embeddable":true,"href":"https:\/\/www.radiopresidenteibanez.cl\/web\/wp-json\/wp\/v2\/tags?post=11796"}],"curies":[{"name":"wp","href":"https:\/\/api.w.org\/{rel}","templated":true}]}}