{"id":11791,"date":"2020-05-08T21:59:17","date_gmt":"2020-05-08T21:59:17","guid":{"rendered":"https:\/\/www.radiopresidenteibanez.cl\/web\/?p=11791"},"modified":"2020-05-08T21:59:21","modified_gmt":"2020-05-08T21:59:21","slug":"una-importante-donacion-de-canastas-familiares-y-panales-hizo-zona-austral-a-senadis","status":"publish","type":"post","link":"https:\/\/www.radiopresidenteibanez.cl\/web\/una-importante-donacion-de-canastas-familiares-y-panales-hizo-zona-austral-a-senadis\/","title":{"rendered":"UNA IMPORTANTE DONACI\u00d3N DE CANASTAS FAMILIARES Y PA\u00d1ALES HIZO ZONA AUSTRAL A SENADIS"},"content":{"rendered":"\n<p>La donaci\u00f3n consisti\u00f3 en mil 500 pa\u00f1ales entregados\npor Zona Austral y 50 canastas de alimentos de la Central de Carnes, que ser\u00e1n\ndestinadas a personas con discapacidad y organizaciones de la regi\u00f3n de\nMagallanes.<\/p>\n\n\n\n<p>Este jueves la Seremi de Desarrollo Social y\nFamilia, Liz Casanueva junto al director regional de Senadis, Iv\u00e1n Gonz\u00e1lez\nrecibieron estas importantes donaciones gracias a la campa\u00f1a \u201cZona Franca apoya\na Senadis\u201d, organizada por Rentas Inmobiliarias, ZonaAustral, cuyo objeto fue\nreunir aportes de primera necesidad para personas con discapacidad y sus\nfamilias que se encuentran en estado de necesidad debido a la emergencia\nsanitaria por Covid-19. <\/p>\n\n\n\n<p>La Seremi de Desarrollo Social y Familia, Liz\nCasanueva destac\u00f3 el apoyo que se han recibido como Gobierno de las empresas privadas\n\u201cpara nosotros como Ministerio de Desarrollo Social y Familia, es de suma\nimportancia recibir este tipo de donaciones por parte de privados, ya que esto nos demuestra la importancia de fortalecer la alianza p\u00fablico\nprivada para enfrentar unidos y estar mejor preparados para esta pandemia,\nvelando por los derechos y cuidados de las personas con discapacidad de nuestro\npa\u00eds\u201d.<\/p>\n\n\n\n<p>\u201cHacemos un llamado\nal resto de las empresas de nuestra regi\u00f3n a imitar esta iniciativa. En esta\nlabor, los necesitamos a todos y estamos seguros del compromiso de los\nmagall\u00e1nicos con las personas con discapacidad\u201d finalizo Casanueva. <\/p>\n\n\n\n<p>Por su parte el\ndirector regional de Senadis, Iv\u00e1n Gonz\u00e1lez, se\u00f1al\u00f3 que \u201cestamos muy contentos\nde recibir este tipo de aportes, hemos empezado desde el mes de abril a\nlevantar mucha informacion desde las mismas organizaciones de y para personas\ncon discapacidad y tambi\u00e9n de personas que individualmente estan contestando\nrespuestas on line y comunicandose con Senadis, han dado cuenta de necesidades\nmuy sentidas al interior de las casas donde hay personas con discapacidad, sus\nfamilias y cuidadores, y en base a eso nosotros impulsamos una campa\u00f1a de hacer\nun llamado a las empresas privadas para que puedan generar el aporte\u201d.<\/p>\n\n\n\n<p>As\u00ed tambi\u00e9n el sub\ngerente comercial de Zona Franca, Gonazlo Flores a\u00f1adi\u00f3 que \u201cesta iniciativa surge\na trav\u00e9s de Senadis que pide el apoyo de Zona Franca y otras instituciones que\nnosotras como administradoras del recinto franco pedimos el apoyo de algunos\nusuarios que trabajan principalmente con productos de primera necesidad y en\nconjunto con la administradora el aporte de hoy son 50 canastas familiares que\nson para alredeor de 2 semanas para familias de 4 personas, adem\u00e1s de mil 500\npa\u00f1ales para adultos mayores\u201d.<\/p>\n\n\n\n<p>Jos\u00e9 Cuiti\u00f1o, sub\nadministrador de Central de Carnes, dijo \u201cnosotros recibimos el llamado de Zona\nAustral, la cual nos invit\u00f3 a colaborar con v\u00edveres &nbsp;a la institucion Senadis, en la cual hicimos\ncaso a ese llamado y cooperamos con 50 cajas en v\u00edveres para la institucion, la\ncual ellos van a distribuir a las familias m\u00e1s vulnerables que necesitan en\nesta pandemia que estamos pasando en este momento\u201d.<\/p>\n\n\n\n<p>Cabe se\u00f1alar que el INJUV y su\nvoluntariado, realizan el acopio y armado de estas canastas de alimentos, y el\nComando Conjunto Austral, a trav\u00e9s de Operaciones Humanitarias, son quienes\nefect\u00faan su entrega domiciliaria, todo ello, en coordinaci\u00f3n con la Seremi de\nDesarrollo Social y Familia de Magallanes. <\/p>\n","protected":false},"excerpt":{"rendered":"<p>La donaci\u00f3n consisti\u00f3 en mil 500 pa\u00f1ales entregados por Zona Austral y 50 canastas de alimentos de la Central de Carnes, que ser\u00e1n destinadas a personas con discapacidad y organizaciones&#8230; <a class=\"read-more\" href=\"https:\/\/www.radiopresidenteibanez.cl\/web\/una-importante-donacion-de-canastas-familiares-y-panales-hizo-zona-austral-a-senadis\/\">Leer m\u00e1s<\/a><\/p>\n","protected":false},"author":2,"featured_media":11792,"comment_status":"closed","ping_status":"closed","sticky":false,"template":"","format":"standard","meta":{"footnotes":""},"categories":[1],"tags":[],"class_list":["post-11791","post","type-post","status-publish","format-standard","has-post-thumbnail","hentry","category-cronica"],"_links":{"self":[{"href":"https:\/\/www.radiopresidenteibanez.cl\/web\/wp-json\/wp\/v2\/posts\/11791","targetHints":{"allow":["GET"]}}],"collection":[{"href":"https:\/\/www.radiopresidenteibanez.cl\/web\/wp-json\/wp\/v2\/posts"}],"about":[{"href":"https:\/\/www.radiopresidenteibanez.cl\/web\/wp-json\/wp\/v2\/types\/post"}],"author":[{"embeddable":true,"href":"https:\/\/www.radiopresidenteibanez.cl\/web\/wp-json\/wp\/v2\/users\/2"}],"replies":[{"embeddable":true,"href":"https:\/\/www.radiopresidenteibanez.cl\/web\/wp-json\/wp\/v2\/comments?post=11791"}],"version-history":[{"count":0,"href":"https:\/\/www.radiopresidenteibanez.cl\/web\/wp-json\/wp\/v2\/posts\/11791\/revisions"}],"wp:featuredmedia":[{"embeddable":true,"href":"https:\/\/www.radiopresidenteibanez.cl\/web\/wp-json\/wp\/v2\/media\/11792"}],"wp:attachment":[{"href":"https:\/\/www.radiopresidenteibanez.cl\/web\/wp-json\/wp\/v2\/media?parent=11791"}],"wp:term":[{"taxonomy":"category","embeddable":true,"href":"https:\/\/www.radiopresidenteibanez.cl\/web\/wp-json\/wp\/v2\/categories?post=11791"},{"taxonomy":"post_tag","embeddable":true,"href":"https:\/\/www.radiopresidenteibanez.cl\/web\/wp-json\/wp\/v2\/tags?post=11791"}],"curies":[{"name":"wp","href":"https:\/\/api.w.org\/{rel}","templated":true}]}}