{"id":11788,"date":"2020-05-08T21:56:01","date_gmt":"2020-05-08T21:56:01","guid":{"rendered":"https:\/\/www.radiopresidenteibanez.cl\/web\/?p=11788"},"modified":"2020-05-08T21:56:05","modified_gmt":"2020-05-08T21:56:05","slug":"866-pescadores-artesanales-de-magallanes-recibiran-un-aporte-solidario-de-150-mil-pesos","status":"publish","type":"post","link":"https:\/\/www.radiopresidenteibanez.cl\/web\/866-pescadores-artesanales-de-magallanes-recibiran-un-aporte-solidario-de-150-mil-pesos\/","title":{"rendered":"866 PESCADORES ARTESANALES DE MAGALLANES RECIBIR\u00c1N UN APORTE SOLIDARIO DE 150 MIL PESOS"},"content":{"rendered":"\n<p>Desde la caleta de pescadores emplazada en el sector de\nBarranco Amarillo, el Intendente de Magallanes y de la Ant\u00e1rtica Chilena, Jos\u00e9\nFern\u00e1ndez D\u00fcbrock, anunci\u00f3 la tarde de este viernes que a trav\u00e9s de la Agenda Solidaria,\nque busca respaldar a los diversos sectores productivos que han sufrido los\nembates de la crisis sanitaria y socioecon\u00f3mica del coronavirus, un total de 866\npescadores artesanales de nuestra regi\u00f3n recibir\u00e1n un aporte solidario de 150\nmil pesos.<\/p>\n\n\n\n<p>Seg\u00fan explic\u00f3 la m\u00e1xima autoridad de la regi\u00f3n, \u201c\u00e9sta es otra\nde las medidas que el Gobierno del Presidente Sebasti\u00e1n Pi\u00f1era ha considerado\npara ir en ayuda de quienes producto de esta pandemia, no lo est\u00e1n pasando bien\nen el \u00e1mbito econ\u00f3mico. Si bien sabemos que no es la soluci\u00f3n para quienes han\nvisto afectada su fuente de ingreso en los \u00faltimos meses, este apoyo s\u00ed se\ntraduce en una ayuda efectiva para los pescadores y pescadoras m\u00e1s vulnerables\u201d.<\/p>\n\n\n\n<p>Cabe se\u00f1alar que este aporte solidario se pagar\u00e1 por \u00fanica vez\na los pescadores\ny pescadoras pertenecientes al 40% m\u00e1s vulnerable de la poblaci\u00f3n en todo el\npa\u00eds. \u201cSabemos que el sector artesanal ha sido fuertemente golpeado por\n\u00e9sta emergencia. Por eso el Gobierno ha considerado esta ayuda, ya que tampoco\nhay certeza de cu\u00e1ndo este sector productivo, importante para nuestra regi\u00f3n,\npodr\u00e1 retomar su normal ritmo de trabajo\u201d, complement\u00f3.<\/p>\n\n\n\n<p>Asimismo,\nla seremi de Econom\u00eda, Fomento y Turismo, Natalia Easton, detall\u00f3 que \u201cdesde\nque inici\u00f3 la pandemia hemos trabajado en forma colaborativa con diversos\nactores de la pesca artesanal para paliar los impactos de la crisis sanitaria\nen sus operaciones. Este aporte solidario va en la misma l\u00ednea, entendiendo que\neste sector es sumamente relevante para la Regi\u00f3n de Magallanes y nuestro\ncompromiso es continuar sumando iniciativas que vayan en apoyo a la industria,\nen forma especial en momentos como el que vivimos hoy, donde sus operaciones se\nhan visto afectadas y tambi\u00e9n sus ingresos. El llamado a la comunidad pesquera\nes a realizar la capacitaci\u00f3n asociada a la Ley de Caletas a trav\u00e9s de las\np\u00e1ginas web de la Subsecretar\u00eda de Pesca, Sernapesca o Indespa y, de esa forma,\nconozcan los beneficios de la ley, junto con recibir los 150 mil pesos que\nesperamos sean un alivio para sobrellevar los meses m\u00e1s duros de la pandemia.\nTenemos cerca de 900 cupos para pescadores artesanales con RPA vigente al 26 de\ndiciembre 2019 en la regi\u00f3n y a\u00fan quedan muchos disponibles, por lo que los\ninvito a aprovechar esta oportunidad que estar\u00e1 disponible hasta el d\u00eda 13 de\nmayo\u201d.<\/p>\n\n\n\n<p>Por\notra parte, la directora Zonal de Pesca, Paulina Barraza, complement\u00f3 que son\ncuatro los requisitos para optar a esta ayuda: contar con un registro pesquero\nartesanal vigente; haber acreditado habitualidad de pesca; pertenecer al 40 por\nciento m\u00e1s vulnerable y adem\u00e1s ser jefe o jefa de hogar. Adem\u00e1s para hacer\nv\u00e1lido este aporte ser\u00e1 necesario efectuar una breve capacitaci\u00f3n online, que\nser\u00e1 validada por medio de una encuesta de diez preguntas. <\/p>\n\n\n\n<p>Adicionalmente,\nse\u00f1al\u00f3 que \u201cquienes no puedan revisar los antecedentes en l\u00ednea, pueden\nactivarlo en el mes de junio, en una segunda nueva fecha que va a ser publicada\na trav\u00e9s de nuestra p\u00e1gina web\u201d.<\/p>\n\n\n\n<p>Una\nvez que el rut de la persona sea identificado en las p\u00e1ginas del Servicio\nNacional de Pesca y Acuicultura (Sernapesca), el Instituto\nNacional de Desarrollo Sustentable de la Pesca Artesanal y de la Acuicultura de\nPeque\u00f1a Escala (Indespa) y la Subsecretar\u00eda de Pesca y Acuicultura (Subpesca), se le indicar\u00e1 de forma inmediata si son\nbeneficiarios con este aporte solidario, por lo que las autoridades\nrecomendaron no concurrir a las oficinas de las entidades antes mencionadas\npara hacer v\u00e1lido el beneficio, ya que ser\u00e1 depositado directamente en las\ncuentas Rut del BancoEstado a fines del mes de mayo.<\/p>\n","protected":false},"excerpt":{"rendered":"<p>Desde la caleta de pescadores emplazada en el sector de Barranco Amarillo, el Intendente de Magallanes y de la Ant\u00e1rtica Chilena, Jos\u00e9 Fern\u00e1ndez D\u00fcbrock, anunci\u00f3 la tarde de este viernes&#8230; <a class=\"read-more\" href=\"https:\/\/www.radiopresidenteibanez.cl\/web\/866-pescadores-artesanales-de-magallanes-recibiran-un-aporte-solidario-de-150-mil-pesos\/\">Leer m\u00e1s<\/a><\/p>\n","protected":false},"author":2,"featured_media":11789,"comment_status":"closed","ping_status":"closed","sticky":false,"template":"","format":"standard","meta":{"footnotes":""},"categories":[1],"tags":[],"class_list":["post-11788","post","type-post","status-publish","format-standard","has-post-thumbnail","hentry","category-cronica"],"_links":{"self":[{"href":"https:\/\/www.radiopresidenteibanez.cl\/web\/wp-json\/wp\/v2\/posts\/11788","targetHints":{"allow":["GET"]}}],"collection":[{"href":"https:\/\/www.radiopresidenteibanez.cl\/web\/wp-json\/wp\/v2\/posts"}],"about":[{"href":"https:\/\/www.radiopresidenteibanez.cl\/web\/wp-json\/wp\/v2\/types\/post"}],"author":[{"embeddable":true,"href":"https:\/\/www.radiopresidenteibanez.cl\/web\/wp-json\/wp\/v2\/users\/2"}],"replies":[{"embeddable":true,"href":"https:\/\/www.radiopresidenteibanez.cl\/web\/wp-json\/wp\/v2\/comments?post=11788"}],"version-history":[{"count":0,"href":"https:\/\/www.radiopresidenteibanez.cl\/web\/wp-json\/wp\/v2\/posts\/11788\/revisions"}],"wp:featuredmedia":[{"embeddable":true,"href":"https:\/\/www.radiopresidenteibanez.cl\/web\/wp-json\/wp\/v2\/media\/11789"}],"wp:attachment":[{"href":"https:\/\/www.radiopresidenteibanez.cl\/web\/wp-json\/wp\/v2\/media?parent=11788"}],"wp:term":[{"taxonomy":"category","embeddable":true,"href":"https:\/\/www.radiopresidenteibanez.cl\/web\/wp-json\/wp\/v2\/categories?post=11788"},{"taxonomy":"post_tag","embeddable":true,"href":"https:\/\/www.radiopresidenteibanez.cl\/web\/wp-json\/wp\/v2\/tags?post=11788"}],"curies":[{"name":"wp","href":"https:\/\/api.w.org\/{rel}","templated":true}]}}