{"id":11785,"date":"2020-05-08T21:54:01","date_gmt":"2020-05-08T21:54:01","guid":{"rendered":"https:\/\/www.radiopresidenteibanez.cl\/web\/?p=11785"},"modified":"2020-05-08T21:54:05","modified_gmt":"2020-05-08T21:54:05","slug":"consejo-consultivo-hcm-realiza-importante-donacion-para-pacientes-hospitalizados","status":"publish","type":"post","link":"https:\/\/www.radiopresidenteibanez.cl\/web\/consejo-consultivo-hcm-realiza-importante-donacion-para-pacientes-hospitalizados\/","title":{"rendered":"CONSEJO CONSULTIVO HCM REALIZA IMPORTANTE DONACI\u00d3N PARA PACIENTES HOSPITALIZADOS"},"content":{"rendered":"\n<p>Despu\u00e9s de dos semanas de\nuna activa campa\u00f1a solidaria organizada por el Consejo Consultivo HCM, hoy se\nhizo la primera entrega de una importante donaci\u00f3n de art\u00edculos de aseo para\npacientes hospitalizados. <\/p>\n\n\n\n<p>La iniciativa\nsurgi\u00f3 &nbsp;por la inquietud del Consejo\nConsultivo y en conversaci\u00f3n con el Dpto. de Participaci\u00f3n Ciudadana HCM, &nbsp;de conocer las &nbsp;necesidades de los pacientes que al estar hospitalizados,\ntienen las visitas restringidas y\/o la familia cumple con cuarentena,&nbsp; imposibilitada de salir y proveerlos de\ninsumos. <\/p>\n\n\n\n<p>Es por esto que a\ntrav\u00e9s de una campa\u00f1a en donde activamente&nbsp;\nparticip\u00f3 la sociedad civil y diversas agrupaciones se pudo concretar\nhoy la primera entrega. Al respecto el Pdte. Del Consejo Consultivo HCM,\nNicol\u00e1s Soto se\u00f1al\u00f3 que: \u201cLa comunidad magall\u00e1nica reaccion\u00f3 favorablemente a\nla campa\u00f1a de recolecci\u00f3n comprometi\u00e9ndose a seguir aportando dentro de sus\nposibilidades durante las pr\u00f3ximas semanas\u201d. <\/p>\n\n\n\n<p>En tanto la Jefa\ndel Dpto. de  Participaci\u00f3n Ciudadana,\nLorena Andrade agrego que: \u201c Esto fue un trabajo colaborativo que va en directo\nbeneficio de pacientes, queremos agradecer a la comunidad que nos aport\u00f3\npa\u00f1ales, \u00fatiles de aseo y diferentes insumos que son de primera necesidad para\nnuestros pacientes. Sin lugar a duda es una ayuda significativa para nuestro\ntrabajo y para lograr la mejor atenci\u00f3n posible para nuestros pacientes\u201d.<\/p>\n\n\n\n<p>Finalmente el\nDirector HCM, Ricardo Contreras quiso destacar y agradecer la importante labor\ndel Consejo Consultivo, \u201cQuiero reconocer el trabajo coordinado y permanente\ncolaboraci\u00f3n que ha existido entre el consejo consultivo y nuestro hospital.\nEsto demuestra su solidaridad, su esp\u00edritu de colaboraci\u00f3n y apoyo que va\ndestinado a los pacientes que hoy se encuentran hospitalizados\u201d, puntualiz\u00f3.<\/p>\n","protected":false},"excerpt":{"rendered":"<p>Despu\u00e9s de dos semanas de una activa campa\u00f1a solidaria organizada por el Consejo Consultivo HCM, hoy se hizo la primera entrega de una importante donaci\u00f3n de art\u00edculos de aseo para&#8230; <a class=\"read-more\" href=\"https:\/\/www.radiopresidenteibanez.cl\/web\/consejo-consultivo-hcm-realiza-importante-donacion-para-pacientes-hospitalizados\/\">Leer m\u00e1s<\/a><\/p>\n","protected":false},"author":2,"featured_media":11786,"comment_status":"closed","ping_status":"closed","sticky":false,"template":"","format":"standard","meta":{"footnotes":""},"categories":[1],"tags":[],"class_list":["post-11785","post","type-post","status-publish","format-standard","has-post-thumbnail","hentry","category-cronica"],"_links":{"self":[{"href":"https:\/\/www.radiopresidenteibanez.cl\/web\/wp-json\/wp\/v2\/posts\/11785","targetHints":{"allow":["GET"]}}],"collection":[{"href":"https:\/\/www.radiopresidenteibanez.cl\/web\/wp-json\/wp\/v2\/posts"}],"about":[{"href":"https:\/\/www.radiopresidenteibanez.cl\/web\/wp-json\/wp\/v2\/types\/post"}],"author":[{"embeddable":true,"href":"https:\/\/www.radiopresidenteibanez.cl\/web\/wp-json\/wp\/v2\/users\/2"}],"replies":[{"embeddable":true,"href":"https:\/\/www.radiopresidenteibanez.cl\/web\/wp-json\/wp\/v2\/comments?post=11785"}],"version-history":[{"count":0,"href":"https:\/\/www.radiopresidenteibanez.cl\/web\/wp-json\/wp\/v2\/posts\/11785\/revisions"}],"wp:featuredmedia":[{"embeddable":true,"href":"https:\/\/www.radiopresidenteibanez.cl\/web\/wp-json\/wp\/v2\/media\/11786"}],"wp:attachment":[{"href":"https:\/\/www.radiopresidenteibanez.cl\/web\/wp-json\/wp\/v2\/media?parent=11785"}],"wp:term":[{"taxonomy":"category","embeddable":true,"href":"https:\/\/www.radiopresidenteibanez.cl\/web\/wp-json\/wp\/v2\/categories?post=11785"},{"taxonomy":"post_tag","embeddable":true,"href":"https:\/\/www.radiopresidenteibanez.cl\/web\/wp-json\/wp\/v2\/tags?post=11785"}],"curies":[{"name":"wp","href":"https:\/\/api.w.org\/{rel}","templated":true}]}}