{"id":11782,"date":"2020-05-08T21:51:50","date_gmt":"2020-05-08T21:51:50","guid":{"rendered":"https:\/\/www.radiopresidenteibanez.cl\/web\/?p=11782"},"modified":"2020-05-08T21:51:54","modified_gmt":"2020-05-08T21:51:54","slug":"cuerpo-de-bomberos-de-punta-arenas-se-suma-a-homenaje-del-21-de-mayo","status":"publish","type":"post","link":"https:\/\/www.radiopresidenteibanez.cl\/web\/cuerpo-de-bomberos-de-punta-arenas-se-suma-a-homenaje-del-21-de-mayo\/","title":{"rendered":"CUERPO DE BOMBEROS DE PUNTA ARENAS SE SUMA A HOMENAJE DEL 21 DE MAYO"},"content":{"rendered":"\n<p>En el marco de las conmemoraciones del 141 aniversario de la epopeya de la tripulaci\u00f3n de la Esmeralda al mando de su Comandante Arturo Prat Chac\u00f3n, hecho que marca uno de los cap\u00edtulos m\u00e1s importantes de nuestra historia Patria, el Cuerpo de Bomberos de Punta Arenas con sus nueve compa\u00f1\u00edas se sumar\u00e1 a las conmemoraciones a realizarse ese d\u00eda.<\/p>\n\n\n\n<p>De esta forma el Superintendente del Cuerpo de Bomberos de la capital regional, Patricio C\u00e1rdenas Agoni, coordinar\u00e1 el toque de sirenas y alarmas de las distintas unidades de la instituci\u00f3n a las 12.10 horas, rememorando el momento exacto en que la corbeta Esmeralda se hundi\u00f3 tras el combate en la rada de Iquique el 21 de mayo de 1879.<\/p>\n\n\n\n<p>El toque de sirenas se realizar\u00e1 en coordinaci\u00f3n con la Armada de Chile, replic\u00e1ndose a lo largo de todo Chile, &nbsp;siendo un homenaje en el actual estado de emergencia sanitaria, rememorando la historia de servicio de aquellos hombres que sirvieron a la Patria.<\/p>\n\n\n\n<p>Al igual que algunos pasajes del siglo XIX, bomberos y miembros de la Armada de Chile, se encuentran trabajando en el combate de una pandemia, prestando m\u00faltiples servicios en beneficio de la comunidad, haciendo de este 21 de mayo nuevamente&nbsp; un punto de encuentro recordando al m\u00e1ximo h\u00e9roe de nuestra Patria y llen\u00e1ndonos de esperanza para el futuro, sonando las sirenas y alarmas ese d\u00eda en homenaje a nuestra historia.<\/p>\n","protected":false},"excerpt":{"rendered":"<p>En el marco de las conmemoraciones del 141 aniversario de la epopeya de la tripulaci\u00f3n de la Esmeralda al mando de su Comandante Arturo Prat Chac\u00f3n, hecho que marca uno&#8230; <a class=\"read-more\" href=\"https:\/\/www.radiopresidenteibanez.cl\/web\/cuerpo-de-bomberos-de-punta-arenas-se-suma-a-homenaje-del-21-de-mayo\/\">Leer m\u00e1s<\/a><\/p>\n","protected":false},"author":2,"featured_media":11783,"comment_status":"closed","ping_status":"closed","sticky":false,"template":"","format":"standard","meta":{"footnotes":""},"categories":[1],"tags":[],"class_list":["post-11782","post","type-post","status-publish","format-standard","has-post-thumbnail","hentry","category-cronica"],"_links":{"self":[{"href":"https:\/\/www.radiopresidenteibanez.cl\/web\/wp-json\/wp\/v2\/posts\/11782","targetHints":{"allow":["GET"]}}],"collection":[{"href":"https:\/\/www.radiopresidenteibanez.cl\/web\/wp-json\/wp\/v2\/posts"}],"about":[{"href":"https:\/\/www.radiopresidenteibanez.cl\/web\/wp-json\/wp\/v2\/types\/post"}],"author":[{"embeddable":true,"href":"https:\/\/www.radiopresidenteibanez.cl\/web\/wp-json\/wp\/v2\/users\/2"}],"replies":[{"embeddable":true,"href":"https:\/\/www.radiopresidenteibanez.cl\/web\/wp-json\/wp\/v2\/comments?post=11782"}],"version-history":[{"count":0,"href":"https:\/\/www.radiopresidenteibanez.cl\/web\/wp-json\/wp\/v2\/posts\/11782\/revisions"}],"wp:featuredmedia":[{"embeddable":true,"href":"https:\/\/www.radiopresidenteibanez.cl\/web\/wp-json\/wp\/v2\/media\/11783"}],"wp:attachment":[{"href":"https:\/\/www.radiopresidenteibanez.cl\/web\/wp-json\/wp\/v2\/media?parent=11782"}],"wp:term":[{"taxonomy":"category","embeddable":true,"href":"https:\/\/www.radiopresidenteibanez.cl\/web\/wp-json\/wp\/v2\/categories?post=11782"},{"taxonomy":"post_tag","embeddable":true,"href":"https:\/\/www.radiopresidenteibanez.cl\/web\/wp-json\/wp\/v2\/tags?post=11782"}],"curies":[{"name":"wp","href":"https:\/\/api.w.org\/{rel}","templated":true}]}}