{"id":11778,"date":"2020-05-08T20:17:57","date_gmt":"2020-05-08T20:17:57","guid":{"rendered":"https:\/\/www.radiopresidenteibanez.cl\/web\/?p=11778"},"modified":"2020-05-08T20:18:02","modified_gmt":"2020-05-08T20:18:02","slug":"seremi-de-gobierno-lamenta-que-la-oposicion-haya-rechazado-el-ingreso-familiar-de-emergencia-presentado-por-el-ejecutivo","status":"publish","type":"post","link":"https:\/\/www.radiopresidenteibanez.cl\/web\/seremi-de-gobierno-lamenta-que-la-oposicion-haya-rechazado-el-ingreso-familiar-de-emergencia-presentado-por-el-ejecutivo\/","title":{"rendered":"SEREMI DE GOBIERNO LAMENTA QUE LA OPOSICI\u00d3N HAYA RECHAZADO  EL INGRESO FAMILIAR DE EMERGENCIA PRESENTADO POR EL EJECUTIVO"},"content":{"rendered":"\n<p>El proyecto\nde Ingreso Familiar de Emergencia presentado por el gobierno sufri\u00f3 un duro\nrev\u00e9s en el Congreso, luego de que la oposici\u00f3n aprobara un contenido distinto\nal planteado por el Ejecutivo, principalmente, porque no se defini\u00f3 el monto a\nentregar.<\/p>\n\n\n\n<p>La seremi de\nGobierno, Alejandra Mu\u00f1oz, lament\u00f3 que la oposici\u00f3n rechazara la propuesta del\nEjecutivo, considerando que cada retraso implica que habr\u00e1 personas que no\ncontar\u00e1n con el monto. En el caso de Magallanes, son m\u00e1s de 11 mil familias vulnerables\nlas que recibir\u00edan un aporte de $260 mil.<\/p>\n\n\n\n<p>\u201cLa verdad no\nse entiende que la oposici\u00f3n rechace \u00e9stos proyectos, teniendo en cuenta la\nsituaci\u00f3n que vivimos producto de la pandemia. Siempre nos gustar\u00eda poder\nentregar m\u00e1s recursos, pero estamos hablando de un paquete de recursos m\u00e1s\ngrande de la historia en circunstancias muy adversas\u201d, asegur\u00f3 la vocera del\nGobierno Regional.<\/p>\n\n\n\n<p>Mu\u00f1oz a\u00f1adi\u00f3\nque no es momento para peque\u00f1eces pol\u00edticas y que \u00e9sta es una disyuntiva \u00e9tica\nque cada uno de los parlamentarios que tienen que votar, se debe plantear: \u201ces\ndarles ese dinero, que es una ayuda en \u00e9ste tiempo de crisis o seguir\natras\u00e1ndolo mientras miles de hogares necesitan urgentemente hoy de esos\ningresos\u201d.<\/p>\n\n\n\n<p>\u00c9sta tarde, el\nministro de Desarrollo Social, Sebasti\u00e1n Sichel, anunci\u00f3 que el gobierno ingresar\u00e1\nun veto al proyecto de Ingreso Familiar de Emergencia, decisi\u00f3n que se adopt\u00f3\ntras una reuni\u00f3n del Ejecutivo con los parlamentarios oficialistas de Chile\nVamos.<\/p>\n","protected":false},"excerpt":{"rendered":"<p>El proyecto de Ingreso Familiar de Emergencia presentado por el gobierno sufri\u00f3 un duro rev\u00e9s en el Congreso, luego de que la oposici\u00f3n aprobara un contenido distinto al planteado por&#8230; <a class=\"read-more\" href=\"https:\/\/www.radiopresidenteibanez.cl\/web\/seremi-de-gobierno-lamenta-que-la-oposicion-haya-rechazado-el-ingreso-familiar-de-emergencia-presentado-por-el-ejecutivo\/\">Leer m\u00e1s<\/a><\/p>\n","protected":false},"author":2,"featured_media":11779,"comment_status":"closed","ping_status":"closed","sticky":false,"template":"","format":"standard","meta":{"footnotes":""},"categories":[1],"tags":[],"class_list":["post-11778","post","type-post","status-publish","format-standard","has-post-thumbnail","hentry","category-cronica"],"_links":{"self":[{"href":"https:\/\/www.radiopresidenteibanez.cl\/web\/wp-json\/wp\/v2\/posts\/11778","targetHints":{"allow":["GET"]}}],"collection":[{"href":"https:\/\/www.radiopresidenteibanez.cl\/web\/wp-json\/wp\/v2\/posts"}],"about":[{"href":"https:\/\/www.radiopresidenteibanez.cl\/web\/wp-json\/wp\/v2\/types\/post"}],"author":[{"embeddable":true,"href":"https:\/\/www.radiopresidenteibanez.cl\/web\/wp-json\/wp\/v2\/users\/2"}],"replies":[{"embeddable":true,"href":"https:\/\/www.radiopresidenteibanez.cl\/web\/wp-json\/wp\/v2\/comments?post=11778"}],"version-history":[{"count":0,"href":"https:\/\/www.radiopresidenteibanez.cl\/web\/wp-json\/wp\/v2\/posts\/11778\/revisions"}],"wp:featuredmedia":[{"embeddable":true,"href":"https:\/\/www.radiopresidenteibanez.cl\/web\/wp-json\/wp\/v2\/media\/11779"}],"wp:attachment":[{"href":"https:\/\/www.radiopresidenteibanez.cl\/web\/wp-json\/wp\/v2\/media?parent=11778"}],"wp:term":[{"taxonomy":"category","embeddable":true,"href":"https:\/\/www.radiopresidenteibanez.cl\/web\/wp-json\/wp\/v2\/categories?post=11778"},{"taxonomy":"post_tag","embeddable":true,"href":"https:\/\/www.radiopresidenteibanez.cl\/web\/wp-json\/wp\/v2\/tags?post=11778"}],"curies":[{"name":"wp","href":"https:\/\/api.w.org\/{rel}","templated":true}]}}