{"id":11768,"date":"2020-05-08T14:55:20","date_gmt":"2020-05-08T14:55:20","guid":{"rendered":"https:\/\/www.radiopresidenteibanez.cl\/web\/?p=11768"},"modified":"2020-05-08T14:55:24","modified_gmt":"2020-05-08T14:55:24","slug":"ministerio-de-mineria-abre-postulaciones-online-para-fondos-pamma-2020","status":"publish","type":"post","link":"https:\/\/www.radiopresidenteibanez.cl\/web\/ministerio-de-mineria-abre-postulaciones-online-para-fondos-pamma-2020\/","title":{"rendered":"MINISTERIO DE MINER\u00cdA ABRE POSTULACIONES ONLINE PARA FONDOS PAMMA 2020"},"content":{"rendered":"\n<p>En el marco de la pandemia\nmundial de Covid-19, el Ministerio de Miner\u00eda estableci\u00f3 este a\u00f1o la opci\u00f3n de\npostular de forma online a los fondos del Programa de Capacitaci\u00f3n y\nTransferencia Tecnol\u00f3gica para la Peque\u00f1a Miner\u00eda Artesanal, PAMMA, con el\nobjetivo de evitar los desplazamientos en las ciudades y, de esta manera,\nreducir las posibilidades de contagio de los mineros. <\/p>\n\n\n\n<p>Por lo tanto, los interesados\npodr\u00e1n realizar el tr\u00e1mite -desde el 4 de mayo al 17 de junio- a trav\u00e9s del correo\n<a href=\"mailto:pamma@minmineria.cl\">pamma@minmineria.cl<\/a>, o utilizando los\ncanales presenciales, asistiendo a las oficinas de la Empresa Nacional de\nMiner\u00eda, ENAMI; las Secretar\u00edas Regionales del Ministerio de Miner\u00eda y\/o las\nOficinas de Coordinaci\u00f3n de Pol\u00edticas Mineras que correspondan; y\/o asistir a\nla Oficina de Partes del Ministerio de Miner\u00eda, ubicado en Santiago.&nbsp; <\/p>\n\n\n\n<p>El ministro de Miner\u00eda, Baldo\nProkurica, se\u00f1al\u00f3 que \u201choy estamos viviendo una crisis sanitaria importante,\npor eso este a\u00f1o para la postulaci\u00f3n a los fondos PAMMA hemos realizado algunas\nmodificaciones con dos objetivos: por una parte, resguardar la seguridad de los\npeque\u00f1os mineros, que hoy es una prioridad para el Gobierno del Presidente\nSebasti\u00e1n Pi\u00f1era, pero tambi\u00e9n queremos asegurar el apoyo al fomento para todos\nlos productores del pa\u00eds. En esa l\u00ednea, es que se opt\u00f3 que abrir las\npostulaciones v\u00eda correo electr\u00f3nico y tambi\u00e9n se cambiaron algunos criterios\nen las bases del programa, eliminado restricciones y entregando facilidades al\nno solicitar documentos adicionales\u201d.<\/p>\n\n\n\n<p>Para el seremi (s) de Miner\u00eda,\nPablo Rendoll, \u201cla entrega de estos fondos responde al firme compromiso que\ntenemos con nuestros peque\u00f1os productores, a quienes consideramos fundamentales\nen el desarrollo de la miner\u00eda en la Regi\u00f3n de Magallanes\u201d.<\/p>\n\n\n\n<p>El ministro Baldo Prokurica explic\u00f3\nque el PAMMA va en directo beneficio de los peque\u00f1os mineros, sector relevante\nen la generaci\u00f3n de empleo en 44 localidades del pa\u00eds. Por eso,\nexcepcionalmente este a\u00f1o, se decidi\u00f3 no establecer sanciones en casos de\nincumplimiento, adem\u00e1s, se aumentar\u00e1 el anticipo en la entrega de recursos de\nun 30% a un 70% para comenzar proyectos de obra minera y se abrir\u00e1 la posibilidad\nde hacer transferencia de los recursos a las cuentas corrientes o en su defecto\nentrega de cheques o vale vista, en caso de ser solicitado por el postulante. <\/p>\n\n\n\n<p><strong>Requisitos de postulaci\u00f3n<\/strong><\/p>\n\n\n\n<p>1. Podr\u00e1 postular cualquier\npersona natural o jur\u00eddica, de forma individual o asociativa.<\/p>\n\n\n\n<p>2. Deber\u00e1 contar con el\nFormulario \u00danico de Postulaci\u00f3n (FUP), debidamente completado. Este a\u00f1o se\nsolicitar\u00e1 correo electr\u00f3nico y tel\u00e9fono de contacto, para asistir al\npostulante.<\/p>\n\n\n\n<p>3. Deber\u00e1n tener el certificado\nde dominio vigente, que acredite su calidad de due\u00f1o de una propiedad minera,\nampliando el plazo de vigencia a 6 meses.<\/p>\n\n\n\n<p>4. En caso de arriendo de faena,\nse requerir\u00e1 una copia simple del contrato o cualquier documento que acredite\ndicho acuerdo entre ambas partes. <\/p>\n\n\n\n<p>5. Se podr\u00e1 postular con C\u00e9dula\nde Identidad vigentes o vencidas en el a\u00f1o 2020.<\/p>\n\n\n\n<p>6. El proyecto deber\u00e1 contar con\nun Plan de Explotaci\u00f3n y cierre vigente, en tr\u00e1mite o vencido con una\nantig\u00fcedad no superior a 6 meses. <\/p>\n\n\n\n<p>7. No ser\u00e1 necesario adjuntar\ncotizaci\u00f3n al momento de la postulaci\u00f3n. <\/p>\n\n\n\n<p>8. Podr\u00e1n postular los mineros\ncon padr\u00f3n vigente, provisorio, o que no le vendan a la ENAMI <\/p>\n\n\n\n<p>9. Se aceptar\u00e1n Plan de\nExplotaci\u00f3n y Cierre vigente (PEC), en tr\u00e1mite o incluso vencidos, junto con la\ncopia de comprobante de ingreso de la nueva solicitud<\/p>\n\n\n\n<p>10. Para aquellos proyectos de\nminer\u00eda que no requieran PEC, la calidad de productor ser\u00e1 acreditada por la\nENAMI en la visita t\u00e9cnica que se realiza a la faena o con un certificado de la\nAsociaci\u00f3n Gremial a la que pertenezca y\/o con documentos afines (facturas,\ncontratos, etc.).<\/p>\n\n\n\n<p>Para conocer m\u00e1s antecedentes,\nlas bases del Programa de Capacitaci\u00f3n y Transferencia Tecnol\u00f3gica para la\nPeque\u00f1a Miner\u00eda Artesanal estar\u00e1n disponibles a trav\u00e9s de la p\u00e1gina web del\nMinisterio de Miner\u00eda http:\/\/www.minmineria.gob.cl\/<\/p>\n","protected":false},"excerpt":{"rendered":"<p>En el marco de la pandemia mundial de Covid-19, el Ministerio de Miner\u00eda estableci\u00f3 este a\u00f1o la opci\u00f3n de postular de forma online a los fondos del Programa de Capacitaci\u00f3n&#8230; <a class=\"read-more\" href=\"https:\/\/www.radiopresidenteibanez.cl\/web\/ministerio-de-mineria-abre-postulaciones-online-para-fondos-pamma-2020\/\">Leer m\u00e1s<\/a><\/p>\n","protected":false},"author":2,"featured_media":11769,"comment_status":"closed","ping_status":"closed","sticky":false,"template":"","format":"standard","meta":{"footnotes":""},"categories":[1],"tags":[],"class_list":["post-11768","post","type-post","status-publish","format-standard","has-post-thumbnail","hentry","category-cronica"],"_links":{"self":[{"href":"https:\/\/www.radiopresidenteibanez.cl\/web\/wp-json\/wp\/v2\/posts\/11768","targetHints":{"allow":["GET"]}}],"collection":[{"href":"https:\/\/www.radiopresidenteibanez.cl\/web\/wp-json\/wp\/v2\/posts"}],"about":[{"href":"https:\/\/www.radiopresidenteibanez.cl\/web\/wp-json\/wp\/v2\/types\/post"}],"author":[{"embeddable":true,"href":"https:\/\/www.radiopresidenteibanez.cl\/web\/wp-json\/wp\/v2\/users\/2"}],"replies":[{"embeddable":true,"href":"https:\/\/www.radiopresidenteibanez.cl\/web\/wp-json\/wp\/v2\/comments?post=11768"}],"version-history":[{"count":0,"href":"https:\/\/www.radiopresidenteibanez.cl\/web\/wp-json\/wp\/v2\/posts\/11768\/revisions"}],"wp:featuredmedia":[{"embeddable":true,"href":"https:\/\/www.radiopresidenteibanez.cl\/web\/wp-json\/wp\/v2\/media\/11769"}],"wp:attachment":[{"href":"https:\/\/www.radiopresidenteibanez.cl\/web\/wp-json\/wp\/v2\/media?parent=11768"}],"wp:term":[{"taxonomy":"category","embeddable":true,"href":"https:\/\/www.radiopresidenteibanez.cl\/web\/wp-json\/wp\/v2\/categories?post=11768"},{"taxonomy":"post_tag","embeddable":true,"href":"https:\/\/www.radiopresidenteibanez.cl\/web\/wp-json\/wp\/v2\/tags?post=11768"}],"curies":[{"name":"wp","href":"https:\/\/api.w.org\/{rel}","templated":true}]}}