{"id":11765,"date":"2020-05-08T14:21:45","date_gmt":"2020-05-08T14:21:45","guid":{"rendered":"https:\/\/www.radiopresidenteibanez.cl\/web\/?p=11765"},"modified":"2020-05-08T14:21:49","modified_gmt":"2020-05-08T14:21:49","slug":"segunda-jornada-de-reuniones-de-consejeros-regionales-con-alcaldes-busca-conocer-realidad-comunal-de-primera-linea-en-relacion-al-covid-19-y-otras-problematicas","status":"publish","type":"post","link":"https:\/\/www.radiopresidenteibanez.cl\/web\/segunda-jornada-de-reuniones-de-consejeros-regionales-con-alcaldes-busca-conocer-realidad-comunal-de-primera-linea-en-relacion-al-covid-19-y-otras-problematicas\/","title":{"rendered":"SEGUNDA JORNADA DE REUNIONES DE CONSEJEROS REGIONALES CON ALCALDES BUSCA CONOCER REALIDAD COMUNAL DE PRIMERA L\u00cdNEA EN RELACI\u00d3N AL COVID-19 Y OTRAS PROBLEM\u00c1TICAS"},"content":{"rendered":"\n<p>En un marat\u00f3nico trabajo\nsemipresencial&nbsp; y a trav\u00e9s de\nvideoconferencias efectuado este jueves, los integrantes del CORE conocieron las\nmedidas comunales y desaf\u00edos que visualizan los ediles de R\u00edo Verde, Primavera\ny Laguna Blanca en torno a la pandemia COVID-19 a fin de ilustrarse respecto a\nlo que ocurre en cada territorio y tomar mejores decisiones &nbsp;en cuanto a la utilizaci\u00f3n y distribuci\u00f3n de recursos.<\/p>\n\n\n\n<p>El presidente de la comisi\u00f3n\nSocial, Juan Vukusich,&nbsp; entreg\u00f3 detalles\nen cuanto a lo informado por los alcaldes destacando el trabajo organizacional\nque ha tenido la comuna Laguna Blanca al elaborar &nbsp;un programa que protege a la comunidad en la\nmedida que se presente un mayor riesgo.&nbsp; En\nrelaci\u00f3n a lo planteado por la alcaldesa de R\u00edo Verde, Tatiana V\u00e1squez, coment\u00f3\nque las dificultades radican mayormente en la falta de conectividad y en el mal\nestado de los caminos ya que en cuanto a la propagaci\u00f3n de coronavirus consideran\nque el riesgo es bajo. &nbsp;\u201cSin embargo es &nbsp;importante que se fiscalicen con mayor fuerza\nlas salmoneras porque llega mucha gente de otras regiones a trabajar y no estoy\ntan seguro que se hagan todos los esfuerzos para evitar el contagio\u201d afirm\u00f3. <\/p>\n\n\n\n<p>Vukusich adem\u00e1s manifest\u00f3 su\npreocupaci\u00f3n en cuanto a lo que ocurre en la comuna Primavera, espec\u00edficamente\nen Cerro Sombrero, \u201ces un hecho casi dram\u00e1tico ya tienen un contagio confirmado\ny otro por confirmar pero lamentablemente la poblaci\u00f3n flotante que trabaja en el\n\u00e1rea alimentaci\u00f3n se encuentra en alto riesgo y podr\u00eda repetirse la situaci\u00f3n que\npaso en Puerto Willimas. No hay cord\u00f3n sanitario y ha faltado la presencia de\nSalud ya que no cuentan con un consultorio que dependa del ministerio y el de\nEnap est\u00e1 destinado a la atenci\u00f3n de sus trabajadores\u201d. <\/p>\n\n\n\n<p>Por su parte el presidente de la\ncomisi\u00f3n R\u00e9gimen Interior, Tolentino Soto, valor\u00f3 la iniciativa del CORE al\nefectuar estas jornada de trabajo radicadas en la comisi\u00f3n Social y se refiri\u00f3\na la necesidad de mayor celeridad en el proceso de entrega de recursos. \u201cIntentamos\nser interlocutores y formarnos una imagen de las necesidades y consecuencias de\nla pandemia. Es cierto que en el tema sanitario las autoridades del \u00e1rea est\u00e1n encargadas\nde plantear los protocolos pero nosotros como autoridades pol\u00edticas y representantes\nde la comunidad hemos estado a la altura anticip\u00e1ndonos a lo que viene\nposteriormente. Coincidimos en que es necesario agilizar los procesos en la\nentrega de recursos ya que vemos con preocupaci\u00f3n como todos los municipios han\nhecho tremendos esfuerzos con presupuestos propios y los recursos regionales\naprobados hace m\u00e1s de un mes destinados a ir en apoyo, &nbsp;a\u00fan no est\u00e1n operativos\u201d,&nbsp; lament\u00f3&nbsp;\nel consejero Soto quien a su vez efectu\u00f3 un llamado a eliminar la\nburocracia en tiempo de pandemia. <\/p>\n\n\n\n<p>Finalmente el presidente del\nCORE, Alejandro Kusanovic, manifest\u00f3 \u201cfue muy productivo reunirnos&nbsp; con los alcaldes y escuchar las problem\u00e1ticas\nque tiene cada comuna, como por ejemplo la falta de medicamentos debido a un\ntema burocr\u00e1tico por falta de stock cuando se logra realizar la compra o los\nproblemas de conectividad de algunas comunas. Por otro lado es muy gratificante\nver lo encantados que se ponen los alcaldes al ser considerados y escuchados\u201d.<\/p>\n\n\n\n<p>Los consejeros regionales concluir\u00e1n\nlas jornadas de trabajo con alcaldes en los pr\u00f3ximos d\u00edas al concretar el\nencuentro con los ediles de Timaukel, Torres del Paine y San Gregorio. Asimismo\neste viernes la comisi\u00f3n Presupuesto inicia un trabajo junto a los jefes de las\nunidades t\u00e9cnicas del Gobierno Regional. <\/p>\n","protected":false},"excerpt":{"rendered":"<p>En un marat\u00f3nico trabajo semipresencial&nbsp; y a trav\u00e9s de videoconferencias efectuado este jueves, los integrantes del CORE conocieron las medidas comunales y desaf\u00edos que visualizan los ediles de R\u00edo Verde,&#8230; <a class=\"read-more\" href=\"https:\/\/www.radiopresidenteibanez.cl\/web\/segunda-jornada-de-reuniones-de-consejeros-regionales-con-alcaldes-busca-conocer-realidad-comunal-de-primera-linea-en-relacion-al-covid-19-y-otras-problematicas\/\">Leer m\u00e1s<\/a><\/p>\n","protected":false},"author":2,"featured_media":11766,"comment_status":"closed","ping_status":"closed","sticky":false,"template":"","format":"standard","meta":{"footnotes":""},"categories":[1],"tags":[],"class_list":["post-11765","post","type-post","status-publish","format-standard","has-post-thumbnail","hentry","category-cronica"],"_links":{"self":[{"href":"https:\/\/www.radiopresidenteibanez.cl\/web\/wp-json\/wp\/v2\/posts\/11765","targetHints":{"allow":["GET"]}}],"collection":[{"href":"https:\/\/www.radiopresidenteibanez.cl\/web\/wp-json\/wp\/v2\/posts"}],"about":[{"href":"https:\/\/www.radiopresidenteibanez.cl\/web\/wp-json\/wp\/v2\/types\/post"}],"author":[{"embeddable":true,"href":"https:\/\/www.radiopresidenteibanez.cl\/web\/wp-json\/wp\/v2\/users\/2"}],"replies":[{"embeddable":true,"href":"https:\/\/www.radiopresidenteibanez.cl\/web\/wp-json\/wp\/v2\/comments?post=11765"}],"version-history":[{"count":0,"href":"https:\/\/www.radiopresidenteibanez.cl\/web\/wp-json\/wp\/v2\/posts\/11765\/revisions"}],"wp:featuredmedia":[{"embeddable":true,"href":"https:\/\/www.radiopresidenteibanez.cl\/web\/wp-json\/wp\/v2\/media\/11766"}],"wp:attachment":[{"href":"https:\/\/www.radiopresidenteibanez.cl\/web\/wp-json\/wp\/v2\/media?parent=11765"}],"wp:term":[{"taxonomy":"category","embeddable":true,"href":"https:\/\/www.radiopresidenteibanez.cl\/web\/wp-json\/wp\/v2\/categories?post=11765"},{"taxonomy":"post_tag","embeddable":true,"href":"https:\/\/www.radiopresidenteibanez.cl\/web\/wp-json\/wp\/v2\/tags?post=11765"}],"curies":[{"name":"wp","href":"https:\/\/api.w.org\/{rel}","templated":true}]}}