{"id":11763,"date":"2020-05-08T13:41:30","date_gmt":"2020-05-08T13:41:30","guid":{"rendered":"https:\/\/www.radiopresidenteibanez.cl\/web\/?p=11763"},"modified":"2020-05-08T13:41:34","modified_gmt":"2020-05-08T13:41:34","slug":"seremi-de-educacion-conversa-con-alcaldes-para-abordar-el-regreso-a-clases","status":"publish","type":"post","link":"https:\/\/www.radiopresidenteibanez.cl\/web\/seremi-de-educacion-conversa-con-alcaldes-para-abordar-el-regreso-a-clases\/","title":{"rendered":"SEREMI DE EDUCACI\u00d3N CONVERSA CON ALCALDES PARA ABORDAR EL REGRESO A CLASES"},"content":{"rendered":"\n<p>Desde\nel comienzo de la suspensi\u00f3n de clases a consecuencia de la emergencia\nsanitaria por el Covid-19, el seremi de Educaci\u00f3n de Magallanes y Ant\u00e1rtica\nChilena, Rodrigo Sep\u00falveda Tagle, se ha comunicado de manera virtual con\ndistintas autoridades y representantes de la comunidad educativa, con el\nobjetivo de escuchar las inquietudes y sugerencias en torno al regreso gradual\na clases presenciales. <\/p>\n\n\n\n<p>\u201cComo\nGobierno, entendemos la importancia que nuestros alumnos vuelvan a clases\npresenciales cuando la autoridad sanitaria lo determine y la inquietud de los\npadres para que esto se haga de manera segura. Es por eso que estamos\ntrabajando en un plan de regreso el que considera escuchar a la comunidad\neducativa y autoridades para reforzar los canales de comunicaci\u00f3n evaluando\nacciones conjuntas y las propuestas que ayuden a fortalecer el aprendizaje de\nnuestros estudiantes\u201d, destac\u00f3 el seremi. <\/p>\n\n\n\n<p>En\nlos \u00faltimos d\u00edas las reuniones se han centrado en conversaciones con alcaldes\nde las comunas de la regi\u00f3n, entre los que se cuentan Natales, R\u00edo Verde,\nAlcalde Laguna Blanca, Cerro Sombrero, Porvenir, Timaukel, Cerro Castillo, Cabo\nde Hornos; reuniones que continuar\u00e1n desarroll\u00e1ndose con las dem\u00e1s autoridades\n\u00e9sta y la pr\u00f3xima semana. <\/p>\n\n\n\n<p>Adem\u00e1s\nde encuentros con los alcaldes, el Seremi de Educaci\u00f3n de Magallanes se ha\nreunido virtualmente con sostenedores de todas las comunas, representantes de\nCentros de Padres y Apoderados de establecimientos municipales, particulares\nsubvencionados y privados, de escuelas de lenguaje de toda la regi\u00f3n, entre\notros, quienes han mostrado disposici\u00f3n para entregar sus visiones sobre c\u00f3mo\nenfrentar la pandemia y como afecta \u00e9sta a la realidad al mundo educativo. <\/p>\n\n\n\n<p>Estos\nencuentros se suman a los realizados por el Ministro de Educaci\u00f3n, Ra\u00fal\nFigueroa, quien ha sostenido encuentros con alcaldes, asociaciones de\napoderados, colegio de profesores, asistentes de la educaci\u00f3n y centros de\nestudio.<\/p>\n\n\n\n<p>Adem\u00e1s,\nel secretario de Estado convers\u00f3 con ex ministros de la cartera Jos\u00e9 Pablo\nArellano, Mariana Aylwin, Sergio Bitar, Harald Beyer y Adriana Delpiano,\nqui\u00e9nes concordaron en que se debe trabajar de forma conjunta para la vuelta a\nclases presenciales, considerando la flexibilidad para las familias y\nestablecimientos educacionales como uno de los pilares fundamentales. <\/p>\n\n\n\n<p>Otro\nde los puntos importantes en que coincidieron durante la videollamada, fue la\ndiversidad del sistema escolar y la importancia de considerar esas\nparticularidades al momento de tomar decisiones en el plan de regreso a clases,\nel que debe considerar la realidad de cada comuna y establecimiento y los\nlineamientos generales del Ministerio de Educaci\u00f3n. <\/p>\n","protected":false},"excerpt":{"rendered":"<p>Desde el comienzo de la suspensi\u00f3n de clases a consecuencia de la emergencia sanitaria por el Covid-19, el seremi de Educaci\u00f3n de Magallanes y Ant\u00e1rtica Chilena, Rodrigo Sep\u00falveda Tagle, se&#8230; <a class=\"read-more\" href=\"https:\/\/www.radiopresidenteibanez.cl\/web\/seremi-de-educacion-conversa-con-alcaldes-para-abordar-el-regreso-a-clases\/\">Leer m\u00e1s<\/a><\/p>\n","protected":false},"author":2,"featured_media":0,"comment_status":"closed","ping_status":"closed","sticky":false,"template":"","format":"standard","meta":{"footnotes":""},"categories":[1],"tags":[],"class_list":["post-11763","post","type-post","status-publish","format-standard","hentry","category-cronica"],"_links":{"self":[{"href":"https:\/\/www.radiopresidenteibanez.cl\/web\/wp-json\/wp\/v2\/posts\/11763","targetHints":{"allow":["GET"]}}],"collection":[{"href":"https:\/\/www.radiopresidenteibanez.cl\/web\/wp-json\/wp\/v2\/posts"}],"about":[{"href":"https:\/\/www.radiopresidenteibanez.cl\/web\/wp-json\/wp\/v2\/types\/post"}],"author":[{"embeddable":true,"href":"https:\/\/www.radiopresidenteibanez.cl\/web\/wp-json\/wp\/v2\/users\/2"}],"replies":[{"embeddable":true,"href":"https:\/\/www.radiopresidenteibanez.cl\/web\/wp-json\/wp\/v2\/comments?post=11763"}],"version-history":[{"count":0,"href":"https:\/\/www.radiopresidenteibanez.cl\/web\/wp-json\/wp\/v2\/posts\/11763\/revisions"}],"wp:attachment":[{"href":"https:\/\/www.radiopresidenteibanez.cl\/web\/wp-json\/wp\/v2\/media?parent=11763"}],"wp:term":[{"taxonomy":"category","embeddable":true,"href":"https:\/\/www.radiopresidenteibanez.cl\/web\/wp-json\/wp\/v2\/categories?post=11763"},{"taxonomy":"post_tag","embeddable":true,"href":"https:\/\/www.radiopresidenteibanez.cl\/web\/wp-json\/wp\/v2\/tags?post=11763"}],"curies":[{"name":"wp","href":"https:\/\/api.w.org\/{rel}","templated":true}]}}