{"id":11760,"date":"2020-05-08T12:46:08","date_gmt":"2020-05-08T12:46:08","guid":{"rendered":"https:\/\/www.radiopresidenteibanez.cl\/web\/?p=11760"},"modified":"2020-05-08T12:46:12","modified_gmt":"2020-05-08T12:46:12","slug":"cerveceria-austral-dona-mascarillas-para-prevenir-el-contagio-de-covid-19-en-punta-arenas","status":"publish","type":"post","link":"https:\/\/www.radiopresidenteibanez.cl\/web\/cerveceria-austral-dona-mascarillas-para-prevenir-el-contagio-de-covid-19-en-punta-arenas\/","title":{"rendered":"CERVECER\u00cdA AUSTRAL DONA MASCARILLAS PARA PREVENIR EL CONTAGIO DE COVID-19 EN PUNTA ARENAS"},"content":{"rendered":"\n<p>Con el af\u00e1n de colaborar en el trabajo preventivo de los distintos organismos que son parte de la emergencia sanitaria que vive el pa\u00eds y la comuna de Punta Arenas, esta ma\u00f1ana representantes de&nbsp;Cervecer\u00eda Austral en coordinaci\u00f3n con el \u00c1rea de Salud Municipal y la Cruz Roja, se hizo la entrega oficial de 15 mil mascarillas quir\u00fargicas que ser\u00e1n distribuidas entre distintas instituciones de la ciudad.<\/p>\n\n\n\n<p>En la ocasi\u00f3n, el alcalde Claudio Radonich agradeci\u00f3 la contribuci\u00f3n de la empresa regional y destac\u00f3 el aporte realizado por Cervecer\u00eda Austral, el cual ir\u00e1 en beneficio de los vecinos de la comuna.<\/p>\n\n\n\n<p>\u201cEstamos muy agradecidos por esta donaci\u00f3n, ya que se trata de mascarillas certificadas que ir\u00e1n en directo beneficio de nuestros funcionarios, tanto del \u00c1rea de Salud Municipal que pertenecen a los Consultorios de Punta Arenas, pero tambi\u00e9n para el personal del \u00c1rea Asistencial de la Direcci\u00f3n de Desarrollo Comunitario de nuestro Municipio, que han estado trabajando arduamente en la agenda social que entrega ayuda a nuestros vecinos\u201d, expres\u00f3 Radonich.<\/p>\n\n\n\n<p>Por su parte, Felipe Covarrubias, gerente general de Cervecer\u00eda Austral, explic\u00f3 que \u201cdesde el inicio de la emergencia sanitaria del COVID-19 nos planteamos el objetivo del cuidado de nuestros trabajadores y trabajadoras, as\u00ed como de las personas con las que nos relacionamos, buscando evitar contagios y contribuir en el mejoramiento de la capacidad de atenci\u00f3n en los recintos de salud, lo cual es clave en la protecci\u00f3n de la vida de las personas\u201d.<\/p>\n\n\n\n<p>Para cumplir con estos dos objetivos de cuidar a las personas y al mismo tiempo abastecer a la ciudadan\u00eda, Austral junto a la Municipalidad de Punta Arenas identific\u00f3 una necesidad y la forma concreta en que pod\u00edamos aportar para enfrentar la pandemia.<\/p>\n\n\n\n<p>A esto, Covarrubias a\u00f1adi\u00f3 que \u201cson 15 mil mascarillas en total, raz\u00f3n por la cual estamos muy contentos de poder concretar la ayuda, la que ir\u00e1 en beneficio de diversas instituciones y organismos que trabajan directamente con la comunidad\u201d.<\/p>\n\n\n\n<p>Estas mascarillas, de distribuci\u00f3n gratuita, ser\u00e1n entregadas a la Cruz Roja para que las distribuyan para su uso en el sistema de Atenci\u00f3n Primaria de Salud de nuestra ciudad y donde ellos detecten las mayores necesidades, entre las que destacan el Cuerpo de Bomberos, Hogar Cavirata y el Hogar Ignazio Sibillo.<\/p>\n\n\n\n<p>Finalmente, el ejecutivo record\u00f3 que Austral tiene un fuerte compromiso con esta regi\u00f3n, y con esta comuna de la cual forma parte hace 124 a\u00f1os. Por ello, espera contribuir a mitigar la escasez que hoy existe de este fundamental elemento y ayudar al cuidado de la salud de las personas y del personal de salud, producida por el avance el COVID-19.<\/p>\n","protected":false},"excerpt":{"rendered":"<p>Con el af\u00e1n de colaborar en el trabajo preventivo de los distintos organismos que son parte de la emergencia sanitaria que vive el pa\u00eds y la comuna de Punta Arenas,&#8230; <a class=\"read-more\" href=\"https:\/\/www.radiopresidenteibanez.cl\/web\/cerveceria-austral-dona-mascarillas-para-prevenir-el-contagio-de-covid-19-en-punta-arenas\/\">Leer m\u00e1s<\/a><\/p>\n","protected":false},"author":2,"featured_media":11761,"comment_status":"closed","ping_status":"closed","sticky":false,"template":"","format":"standard","meta":{"footnotes":""},"categories":[1],"tags":[],"class_list":["post-11760","post","type-post","status-publish","format-standard","has-post-thumbnail","hentry","category-cronica"],"_links":{"self":[{"href":"https:\/\/www.radiopresidenteibanez.cl\/web\/wp-json\/wp\/v2\/posts\/11760","targetHints":{"allow":["GET"]}}],"collection":[{"href":"https:\/\/www.radiopresidenteibanez.cl\/web\/wp-json\/wp\/v2\/posts"}],"about":[{"href":"https:\/\/www.radiopresidenteibanez.cl\/web\/wp-json\/wp\/v2\/types\/post"}],"author":[{"embeddable":true,"href":"https:\/\/www.radiopresidenteibanez.cl\/web\/wp-json\/wp\/v2\/users\/2"}],"replies":[{"embeddable":true,"href":"https:\/\/www.radiopresidenteibanez.cl\/web\/wp-json\/wp\/v2\/comments?post=11760"}],"version-history":[{"count":0,"href":"https:\/\/www.radiopresidenteibanez.cl\/web\/wp-json\/wp\/v2\/posts\/11760\/revisions"}],"wp:featuredmedia":[{"embeddable":true,"href":"https:\/\/www.radiopresidenteibanez.cl\/web\/wp-json\/wp\/v2\/media\/11761"}],"wp:attachment":[{"href":"https:\/\/www.radiopresidenteibanez.cl\/web\/wp-json\/wp\/v2\/media?parent=11760"}],"wp:term":[{"taxonomy":"category","embeddable":true,"href":"https:\/\/www.radiopresidenteibanez.cl\/web\/wp-json\/wp\/v2\/categories?post=11760"},{"taxonomy":"post_tag","embeddable":true,"href":"https:\/\/www.radiopresidenteibanez.cl\/web\/wp-json\/wp\/v2\/tags?post=11760"}],"curies":[{"name":"wp","href":"https:\/\/api.w.org\/{rel}","templated":true}]}}