{"id":11757,"date":"2020-05-08T12:43:36","date_gmt":"2020-05-08T12:43:36","guid":{"rendered":"https:\/\/www.radiopresidenteibanez.cl\/web\/?p=11757"},"modified":"2020-05-08T12:43:40","modified_gmt":"2020-05-08T12:43:40","slug":"magallanes-sma-fiscaliza-a-empresa-chile-seafoods-comercial-spa","status":"publish","type":"post","link":"https:\/\/www.radiopresidenteibanez.cl\/web\/magallanes-sma-fiscaliza-a-empresa-chile-seafoods-comercial-spa\/","title":{"rendered":"MAGALLANES: SMA FISCALIZA A EMPRESA CHILE SEAFOODS COMERCIAL SPA"},"content":{"rendered":"\n<p>Profesionales\nde la Superintendencia del Medio Ambiente de Magallanes realizaron una\nactividad de fiscalizaci\u00f3n a la empresa Chile Seafoods Comercial SpA, titular\nde la instalaci\u00f3n denominada \u201cPlanta procesadora de recursos hidrobiol\u00f3gicos\nChile Seafood \u2013 Barranco Amarillo\u201d, ubicada en calle Rodolfo Novoa N\u00b008260,\nsector Barranco Amarillo de la comuna de Punta Arenas, Regi\u00f3n de Magallanes. La\nactividad se desarroll\u00f3 en el marco de una denuncia ciudadana asociada al\nvertimiento de efluentes l\u00edquidos a la v\u00eda p\u00fablica, lo cual afectar\u00eda a los\nvecinos del sector producto principalmente de la emanaci\u00f3n de malos olores.<\/p>\n\n\n\n<p>Al\nrespecto, Andy Morrison, jefe de la Oficina SMA de Magallanes se\u00f1al\u00f3 que: \u201cComo\nsuperintendencia hemos tomado conocimiento del malestar de los vecinos del\nsector frente a los hechos denunciados, ante lo cual hemos iniciado una\ninvestigaci\u00f3n para determinar la existencia de eventuales incumplimientos a la\nnormativa ambiental vigente\u201d, afirm\u00f3.<\/p>\n\n\n\n<p>A\u00f1adi\u00f3\nque, respetando todas las recomendaciones de la autoridad sanitaria en el\ncontexto del brote de coronavirus, la inspecci\u00f3n se centr\u00f3 en la l\u00ednea de\nproceso utilizada para el eviscerado de salmones, la red de alcantarillado\ninterior, la planta de tratamiento de residuos industriales l\u00edquidos (RILes) y\nel sistema de canalizaci\u00f3n de aguas lluvias de la planta.<\/p>\n\n\n\n<p>Cabe destacar\nque todos los antecedentes recabados en el marco de la actividad antes descrita\nforman parte de un Expediente de Fiscalizaci\u00f3n, a trav\u00e9s del cual se\ndeterminar\u00e1 si la empresa incurri\u00f3 o no en alguna negligencia durante su\noperaci\u00f3n o eventuales incumplimientos a sus Resoluciones de Calificaci\u00f3n\nAmbiental. <\/p>\n","protected":false},"excerpt":{"rendered":"<p>Profesionales de la Superintendencia del Medio Ambiente de Magallanes realizaron una actividad de fiscalizaci\u00f3n a la empresa Chile Seafoods Comercial SpA, titular de la instalaci\u00f3n denominada \u201cPlanta procesadora de recursos&#8230; <a class=\"read-more\" href=\"https:\/\/www.radiopresidenteibanez.cl\/web\/magallanes-sma-fiscaliza-a-empresa-chile-seafoods-comercial-spa\/\">Leer m\u00e1s<\/a><\/p>\n","protected":false},"author":2,"featured_media":11758,"comment_status":"closed","ping_status":"closed","sticky":false,"template":"","format":"standard","meta":{"footnotes":""},"categories":[1],"tags":[],"class_list":["post-11757","post","type-post","status-publish","format-standard","has-post-thumbnail","hentry","category-cronica"],"_links":{"self":[{"href":"https:\/\/www.radiopresidenteibanez.cl\/web\/wp-json\/wp\/v2\/posts\/11757","targetHints":{"allow":["GET"]}}],"collection":[{"href":"https:\/\/www.radiopresidenteibanez.cl\/web\/wp-json\/wp\/v2\/posts"}],"about":[{"href":"https:\/\/www.radiopresidenteibanez.cl\/web\/wp-json\/wp\/v2\/types\/post"}],"author":[{"embeddable":true,"href":"https:\/\/www.radiopresidenteibanez.cl\/web\/wp-json\/wp\/v2\/users\/2"}],"replies":[{"embeddable":true,"href":"https:\/\/www.radiopresidenteibanez.cl\/web\/wp-json\/wp\/v2\/comments?post=11757"}],"version-history":[{"count":0,"href":"https:\/\/www.radiopresidenteibanez.cl\/web\/wp-json\/wp\/v2\/posts\/11757\/revisions"}],"wp:featuredmedia":[{"embeddable":true,"href":"https:\/\/www.radiopresidenteibanez.cl\/web\/wp-json\/wp\/v2\/media\/11758"}],"wp:attachment":[{"href":"https:\/\/www.radiopresidenteibanez.cl\/web\/wp-json\/wp\/v2\/media?parent=11757"}],"wp:term":[{"taxonomy":"category","embeddable":true,"href":"https:\/\/www.radiopresidenteibanez.cl\/web\/wp-json\/wp\/v2\/categories?post=11757"},{"taxonomy":"post_tag","embeddable":true,"href":"https:\/\/www.radiopresidenteibanez.cl\/web\/wp-json\/wp\/v2\/tags?post=11757"}],"curies":[{"name":"wp","href":"https:\/\/api.w.org\/{rel}","templated":true}]}}