{"id":11754,"date":"2020-05-08T12:27:09","date_gmt":"2020-05-08T12:27:09","guid":{"rendered":"https:\/\/www.radiopresidenteibanez.cl\/web\/?p=11754"},"modified":"2020-05-08T12:27:13","modified_gmt":"2020-05-08T12:27:13","slug":"empresa-regional-recasur-dono-vehiculo-para-funcionamiento-de-ruta-protege","status":"publish","type":"post","link":"https:\/\/www.radiopresidenteibanez.cl\/web\/empresa-regional-recasur-dono-vehiculo-para-funcionamiento-de-ruta-protege\/","title":{"rendered":"EMPRESA REGIONAL RECASUR DON\u00d3 VEH\u00cdCULO PARA FUNCIONAMIENTO DE RUTA PROTEGE"},"content":{"rendered":"\n<p>La\nRuta Social Protege que lleva adelante la Secretaria Regional Ministerial de\nDesarrollo Social y Familia a trav\u00e9s de Fide XII, es un equipo m\u00f3vil destinado\na entregar prestaciones b\u00e1sicas en puntos de calle de alimentaci\u00f3n y abrigo a\naquellas personas en situaci\u00f3n de calle que por alg\u00fan motivo no asisten al albergue;\npromoviendo el uso de los dispositivos y realizando derivaciones a centros de\nsalud, en caso de ser necesario.<\/p>\n\n\n\n<p>Debido\na la pandemia, las orientaciones t\u00e9cnicas de los dispositivos del Plan de\nInvierno, han sido modificadas para adaptarlas a la contingencia, entre \u00e9stas\nse ha adelantado la ejecuci\u00f3n de las Rutas Sociales, ahora llamadas Rutas Protege,\ncon los siguientes prop\u00f3sitos:<\/p>\n\n\n\n<p>\u2022\nEducar a las personas en situaci\u00f3n de calle (PSC) para evitar y prevenir el\ncontagio de virus COVID 19.<\/p>\n\n\n\n<p>\u2022\nDetecci\u00f3n oportuna de casos sospechosos COVID para su adecuada derivaci\u00f3n.<\/p>\n\n\n\n<p>\u2022\nRealizar invitaci\u00f3n a alguno de los alojamientos disponibles.<\/p>\n\n\n\n<p>La\nSeremi de Desarrollo Social y Familia, Liz Casanueva junto con agradecer esta\ndonaci\u00f3n de una empresa regional destac\u00f3, \u201cestamos en una situaci\u00f3n muy dif\u00edcil\npara nuestro pa\u00eds y ver que las empresas regionales como Recasur, se hacen\nparte de las necesidades de quienes m\u00e1s lo necesitan, para nosotros como\nGobierno, eso nos motiva a trabajar en este esfuerzo mancomunado entre Estado y\nprivados para salir adelante de esta pandemia\u201d.<\/p>\n\n\n\n<p>Por su parte Rodrigo Aic\u00f3n, Gerente\nRecasur Usados, destac\u00f3 que \u201cabordar adecuadamente esta pandemia que afecta a\nla humanidad significa en primera instancia, poner atenci\u00f3n en las personas que\nm\u00e1s lo necesitan, por lo cual es para nosotros como empresa un deber cooperar\ncon el \u00e9xito del programa Ruta Protege, que entrega alimentaci\u00f3n, abrigo e\nhigiene a quienes se encuentran en situaci\u00f3n de calle\u201d.<\/p>\n\n\n\n<p>Cabe se\u00f1alar que el veh\u00edculo que la\nempresa Recasur entreg\u00f3 en comodato a Fide XII como ejecutores de la \u201cRuta\nProtege\u201d es solo y exclusivamente para el desplazamiento y entrega de ayuda a\nlas Personas en Situaci\u00f3n de Calle.<\/p>\n","protected":false},"excerpt":{"rendered":"<p>La Ruta Social Protege que lleva adelante la Secretaria Regional Ministerial de Desarrollo Social y Familia a trav\u00e9s de Fide XII, es un equipo m\u00f3vil destinado a entregar prestaciones b\u00e1sicas&#8230; <a class=\"read-more\" href=\"https:\/\/www.radiopresidenteibanez.cl\/web\/empresa-regional-recasur-dono-vehiculo-para-funcionamiento-de-ruta-protege\/\">Leer m\u00e1s<\/a><\/p>\n","protected":false},"author":2,"featured_media":11755,"comment_status":"closed","ping_status":"closed","sticky":false,"template":"","format":"standard","meta":{"footnotes":""},"categories":[1],"tags":[],"class_list":["post-11754","post","type-post","status-publish","format-standard","has-post-thumbnail","hentry","category-cronica"],"_links":{"self":[{"href":"https:\/\/www.radiopresidenteibanez.cl\/web\/wp-json\/wp\/v2\/posts\/11754","targetHints":{"allow":["GET"]}}],"collection":[{"href":"https:\/\/www.radiopresidenteibanez.cl\/web\/wp-json\/wp\/v2\/posts"}],"about":[{"href":"https:\/\/www.radiopresidenteibanez.cl\/web\/wp-json\/wp\/v2\/types\/post"}],"author":[{"embeddable":true,"href":"https:\/\/www.radiopresidenteibanez.cl\/web\/wp-json\/wp\/v2\/users\/2"}],"replies":[{"embeddable":true,"href":"https:\/\/www.radiopresidenteibanez.cl\/web\/wp-json\/wp\/v2\/comments?post=11754"}],"version-history":[{"count":0,"href":"https:\/\/www.radiopresidenteibanez.cl\/web\/wp-json\/wp\/v2\/posts\/11754\/revisions"}],"wp:featuredmedia":[{"embeddable":true,"href":"https:\/\/www.radiopresidenteibanez.cl\/web\/wp-json\/wp\/v2\/media\/11755"}],"wp:attachment":[{"href":"https:\/\/www.radiopresidenteibanez.cl\/web\/wp-json\/wp\/v2\/media?parent=11754"}],"wp:term":[{"taxonomy":"category","embeddable":true,"href":"https:\/\/www.radiopresidenteibanez.cl\/web\/wp-json\/wp\/v2\/categories?post=11754"},{"taxonomy":"post_tag","embeddable":true,"href":"https:\/\/www.radiopresidenteibanez.cl\/web\/wp-json\/wp\/v2\/tags?post=11754"}],"curies":[{"name":"wp","href":"https:\/\/api.w.org\/{rel}","templated":true}]}}