{"id":11746,"date":"2020-05-07T21:02:04","date_gmt":"2020-05-07T21:02:04","guid":{"rendered":"https:\/\/www.radiopresidenteibanez.cl\/web\/?p=11746"},"modified":"2020-05-07T21:02:08","modified_gmt":"2020-05-07T21:02:08","slug":"equipo-de-infectologia-hcm-hace-el-llamado-a-empatia-y-responsabilidad-ante-termino-de-cuarentena-obligatoria","status":"publish","type":"post","link":"https:\/\/www.radiopresidenteibanez.cl\/web\/equipo-de-infectologia-hcm-hace-el-llamado-a-empatia-y-responsabilidad-ante-termino-de-cuarentena-obligatoria\/","title":{"rendered":"EQUIPO DE INFECTOLOG\u00cdA HCM HACE EL LLAMADO A EMPAT\u00cdA Y RESPONSABILIDAD ANTE T\u00c9RMINO DE CUARENTENA OBLIGATORIA"},"content":{"rendered":"\n<p>Este \u00faltimo tiempo para\ntodo el equipo de salud,&nbsp; para los\npacientes y familias afectadas por Covid-19&nbsp;\nhan sido momentos dif\u00edciles. Ante el importante aumento de contagios y\nhospitalizaciones por coronavirus, el Hospital Cl\u00ednico Magallanes (HCM)&nbsp; ha tenido que contener semanas cr\u00edticas para\npoder entregar cuidados de salud oportunos y de calidad. <\/p>\n\n\n\n<p>HCM ha realizado\nuna serie de importantes medidas para ser el centro referente Covid-19 de la\nRegi\u00f3n de Magallanes, entre ellas: el aumento de camas cr\u00edticas de 6 a 24\ncamas, habilitaci\u00f3n de pisos exclusivos de aislamiento, refuerzo en la atenci\u00f3n\nde urgencia, entrega de medicamentos a domicilio y suspensi\u00f3n de toda actividad\nelectiva y ambulatoria, entre otras. Todas medidas que no hubieran sido posible\nsin el importante trabajo de su personal de salud que d\u00eda a d\u00eda hace esfuerzos\npersonales y familiares para continuar con la vocaci\u00f3n de servicio y su\ncompromiso por la salud de la comunidad. <\/p>\n\n\n\n<p>Es por esto que el\nllamado de la Dra. M\u00f3nica Pinto y Dr. Rodrigo Mu\u00f1oz, \u00fanicos subespecialistas en\ninfectolog\u00eda de la regi\u00f3n es a mantener la cuarentena voluntaria, especialmente\nsi hay adultos mayores o personas de riesgo en la familia, no concurrir a\nlugares donde haya aglomeraci\u00f3n de p\u00fablico, mantener siempre distancia de 1,5 a\n2 metros con otras personas, lavado de manos frecuente o uso de alcohol gel si esto\nno es posible, uso de mascarilla en todo momento en que uno est\u00e9 en lugares con\notras personas y respetar cuarentenas impuestas por la autoridad sanitaria a\npacientes positivos&nbsp; o contacto\nestrechos. <\/p>\n\n\n\n<p>El mayor riesgo de\ncontagio est\u00e1 en el contacto con otras personas enfermas y el contagio comienza\ndesde las 48 horas previas a ser sintom\u00e1ticos, y un porcentaje no menor, entre\n30 a 60% las personas nunca desarrollar\u00e1n s\u00edntomas.<\/p>\n\n\n\n<p>Al respecto la Dra.\nPinto enfatiza que: \u201cA modo de n\u00famero nuestra UPC funciona con un 230% m\u00e1s de\ncamas, por lo tanto tambi\u00e9n de personal y toda la comunidad hospitalaria se la\nest\u00e1 jugando para tratar de dar la mejor atenci\u00f3n a nuestros pacientes,\nexponi\u00e9ndose incluso uno mismo y nuestras familias. Estamos lejos de tener una\nnormalidad en la atenci\u00f3n de otras patolog\u00edas no COVID.<\/p>\n\n\n\n<p>En la misma l\u00ednea\nel Dr. Rodrigo Mu\u00f1oz hace presente que \u201cel sistema de salud ha estado estresado\ny esta \u00faltima semana hemos tenido un peque\u00f1o respiro que puede estar\nrelacionado con las semanas de cuarentena obligatoria que hemos vivido, a pesar\ndel gran n\u00famero de permisos otorgados. Lamentablemente la situaci\u00f3n en el resto\ndel pa\u00eds ha cambiado notablemente con un explosivo aumento de casos a nivel\nnacional, ellos est\u00e1n viviendo lo que nosotros vivimos hace&nbsp; un par de semanas. Hubiera esperado una\nsemana m\u00e1s de cuarentena para afianzar este respiro que estamos viendo.&nbsp; Est\u00e1 en mano de todos nosotros el mantener lo\nque se ha logrado con tanto esfuerzo hasta ahora\u201d,&nbsp; finaliza. <\/p>\n","protected":false},"excerpt":{"rendered":"<p>Este \u00faltimo tiempo para todo el equipo de salud,&nbsp; para los pacientes y familias afectadas por Covid-19&nbsp; han sido momentos dif\u00edciles. Ante el importante aumento de contagios y hospitalizaciones por&#8230; <a class=\"read-more\" href=\"https:\/\/www.radiopresidenteibanez.cl\/web\/equipo-de-infectologia-hcm-hace-el-llamado-a-empatia-y-responsabilidad-ante-termino-de-cuarentena-obligatoria\/\">Leer m\u00e1s<\/a><\/p>\n","protected":false},"author":2,"featured_media":11747,"comment_status":"closed","ping_status":"closed","sticky":false,"template":"","format":"standard","meta":{"footnotes":""},"categories":[1],"tags":[],"class_list":["post-11746","post","type-post","status-publish","format-standard","has-post-thumbnail","hentry","category-cronica"],"_links":{"self":[{"href":"https:\/\/www.radiopresidenteibanez.cl\/web\/wp-json\/wp\/v2\/posts\/11746","targetHints":{"allow":["GET"]}}],"collection":[{"href":"https:\/\/www.radiopresidenteibanez.cl\/web\/wp-json\/wp\/v2\/posts"}],"about":[{"href":"https:\/\/www.radiopresidenteibanez.cl\/web\/wp-json\/wp\/v2\/types\/post"}],"author":[{"embeddable":true,"href":"https:\/\/www.radiopresidenteibanez.cl\/web\/wp-json\/wp\/v2\/users\/2"}],"replies":[{"embeddable":true,"href":"https:\/\/www.radiopresidenteibanez.cl\/web\/wp-json\/wp\/v2\/comments?post=11746"}],"version-history":[{"count":0,"href":"https:\/\/www.radiopresidenteibanez.cl\/web\/wp-json\/wp\/v2\/posts\/11746\/revisions"}],"wp:featuredmedia":[{"embeddable":true,"href":"https:\/\/www.radiopresidenteibanez.cl\/web\/wp-json\/wp\/v2\/media\/11747"}],"wp:attachment":[{"href":"https:\/\/www.radiopresidenteibanez.cl\/web\/wp-json\/wp\/v2\/media?parent=11746"}],"wp:term":[{"taxonomy":"category","embeddable":true,"href":"https:\/\/www.radiopresidenteibanez.cl\/web\/wp-json\/wp\/v2\/categories?post=11746"},{"taxonomy":"post_tag","embeddable":true,"href":"https:\/\/www.radiopresidenteibanez.cl\/web\/wp-json\/wp\/v2\/tags?post=11746"}],"curies":[{"name":"wp","href":"https:\/\/api.w.org\/{rel}","templated":true}]}}