{"id":11737,"date":"2020-05-07T19:00:22","date_gmt":"2020-05-07T19:00:22","guid":{"rendered":"https:\/\/www.radiopresidenteibanez.cl\/web\/?p=11737"},"modified":"2020-05-07T19:00:26","modified_gmt":"2020-05-07T19:00:26","slug":"gobierno-inyectara-a-municipios-us-290-millones-durante-mayo-y-junio-para-contrarrestar-merma-de-sus-ingresos","status":"publish","type":"post","link":"https:\/\/www.radiopresidenteibanez.cl\/web\/gobierno-inyectara-a-municipios-us-290-millones-durante-mayo-y-junio-para-contrarrestar-merma-de-sus-ingresos\/","title":{"rendered":"GOBIERNO INYECTAR\u00c1 A MUNICIPIOS US$ 290 MILLONES DURANTE MAYO Y JUNIO PARA CONTRARRESTAR MERMA DE SUS INGRESOS"},"content":{"rendered":"\n<p>\u201cLos alcaldes son la primera l\u00ednea del Estado, son la l\u00ednea que est\u00e1 m\u00e1s cerca de la gente, y por tanto, entendemos que deben jugar un rol fundamental, siempre, pero especialmente en estos tiempos de dificultad. Por esa raz\u00f3n, hemos conversado con los alcaldes el apoyo que el Gobierno va a darle a los municipios para que puedan enfrentar sus necesidades\u201d. Con estas palabras el Presidente Sebasti\u00e1n Pi\u00f1era anunci\u00f3 esta ma\u00f1ana, tras una reuni\u00f3n con las asociaciones de municipios, una serie de medidas que van subsanar una parte del d\u00e9ficit producido en las arcas municipales a causa del Covid-19. &nbsp;<br><\/p>\n\n\n\n<p>Lo anterior, debido a que medidas de contingencia como la postergaci\u00f3n del pago de los permisos de circulaci\u00f3n y de contribuciones, han tenido un impacto significativo en los ingresos municipales, que se estiman tendr\u00e1n una ca\u00edda por sobre un 50% en el mes de mayo.<\/p>\n\n\n\n<p>En este contexto, el anuncio realizado por el Mandatario contempla varios componentes enfocados en apoyar la gesti\u00f3n municipal:<\/p>\n\n\n\n<p>\u00b7&nbsp;&nbsp;&nbsp;&nbsp;&nbsp;&nbsp;&nbsp;&nbsp;&nbsp;En primer lugar, adelantar flujos del Fondo Com\u00fan Municipal para los meses de mayo y junio, por un total de $154.960 millones.&nbsp;<\/p>\n\n\n\n<p>\u00b7&nbsp;&nbsp;&nbsp;&nbsp;&nbsp;&nbsp;&nbsp;&nbsp;&nbsp;En segundo lugar, aportar adicionalmente un Fondo Solidario de $80.960 millones, los que ingresar\u00e1n directamente a los municipios con el objetivo ayudar a todas las familias que \u00e9stos determinen y cuyos ingresos se hayan visto severamente afectados por la pandemia del Coronavirus.<\/p>\n\n\n\n<p>Las medidas anteriormente se\u00f1aladas significar\u00e1n ingresos a las arcas municipales en los pr\u00f3ximos 60 d\u00edas de $235.920 millones (equivalentes $US290 millones, aprox.).&nbsp;<\/p>\n\n\n\n<p>En ese sentido, el Presidente realiz\u00f3 un llamado a los alcaldes a trabajar como un solo equipo: \u201cEstamos enfrentando tiempos muy dif\u00edciles que requieren que los Alcaldes y el Gobierno actuemos con una gran sensibilidad, cercan\u00eda, empat\u00eda, comprensi\u00f3n de lo que est\u00e1n viviendo y sufriendo nuestros compatriotas\u201d, sostuvo. &nbsp;<\/p>\n\n\n\n<p>En tanto, el ministro del Interior, Gonzalo Blumel, se\u00f1al\u00f3 que \u201ctuvimos una muy buena reuni\u00f3n, sabemos que los alcaldes cumplen un rol fundamental en esta crisis, son quienes est\u00e1n m\u00e1s cerca de las personas, conociendo en terreno sus problemas y carencias; y por eso hemos acordado apoyar ese rol y aumentar su capacidad de ayuda. Lo haremos entreg\u00e1ndoles m\u00e1s atribuciones y m\u00e1s facultades tambi\u00e9n para fiscalizar y dar cumplimiento de medidas sanitarias, especialmente en aquellas comunas en cuarentena\u201d.<\/p>\n\n\n\n<p>Estos recursos se suman a los que actualmente ya se est\u00e1n distribuyendo para combatir la pandemia y apoyar la atenci\u00f3n primaria de salud de las familias m\u00e1s vulnerables de cada comuna, como as\u00ed tambi\u00e9n para dinamizar la inversi\u00f3n local en tiempos de dificultades econ\u00f3micas.<\/p>\n\n\n\n<p>En este sentido, desde marzo a la fecha se est\u00e1n materializando transferencias de manera directa a los municipios desde el Ministerio de Salud, Gobiernos Regionales y de la SUBDERE, por un total de $113.281 millones, los cuales se desglosan de la siguiente manera: Ministerio de Salud, $27.130 millones; Gobiernos Regionales, $25.791 millones; y SUBDERE, $60.361 millones.<\/p>\n\n\n\n<p>De esta manera, el esfuerzo y apoyo destinado a las municipalidades, incorporando todos los conceptos mencionados anteriormente, asciende a $349.201 millones, equivalentes a US$430 millones aprox.<\/p>\n\n\n\n<p>Sobre la distribuci\u00f3n de esta importante inyecci\u00f3n de recursos, el subsecretario de Desarrollo Regional, Claudio Alvarado, detall\u00f3 que \u201crespecto a los 80 mil millones de pesos del Fondo Solidario, los criterios de distribuci\u00f3n son b\u00e1sicamente la poblaci\u00f3n como tal y los niveles de pobreza que existen en cada una de las comunas. Son criterios objetivos, de acuerdo a la encuesta Casen. En funci\u00f3n de eso, cada municipio va a recibir una cierta cantidad de recursos\u201d.&nbsp;<\/p>\n\n\n\n<p>En cuanto al adelanto de flujos del Fondo Com\u00fan Municipal, el titular de la Subdere, explic\u00f3 que la distribuci\u00f3n se har\u00e1 de la siguiente manera: \u201cnosotros le damos una instrucci\u00f3n a la Tesorer\u00eda en orden a que en el presente mes de mayo se incorporen a los flujos que estaban programados del Fondo Com\u00fan Municipal $104 millones. En el mes de junio se incorporar\u00e1n adicionalmente 50 mil millones\u201d.<\/p>\n\n\n\n<p>&nbsp;Todo lo anterior da cuenta del real y efectivo apoyo del gobierno del Presidente Sebasti\u00e1n Pi\u00f1era a los municipios del pa\u00eds, para el cumplimiento de su rol fundamental en la atenci\u00f3n de las demandas sociales, de salud y de inversi\u00f3n local de sus vecinos.<\/p>\n\n\n\n<p>&nbsp;Superar los efectos adversos de la Pandemia requiere del compromiso y esfuerzo de todos los actores. Las medidas dispuestas por el gobierno buscan fortalecer la respuesta sanitaria, social y econ\u00f3mica necesaria para enfrentar la crisis, sobre la base de la colaboraci\u00f3n activa de las entidades p\u00fablicas y privadas del pa\u00eds.<\/p>\n\n\n\n<p><br>&nbsp;<strong>Mayores atribuciones a funcionarios municipales<\/strong><\/p>\n\n\n\n<p>Adem\u00e1s, tras la cita con los ediles, el Presidente realiz\u00f3 otro importante anuncio para combatir el coronavirus. Se trata de la firma de un decreto \u2013que se firmar\u00e1 hoy mismo- y que otorgar\u00e1 mayores atribuciones de fiscalizaci\u00f3n a los funcionarios municipales.<\/p>\n\n\n\n<p>Seg\u00fan el Mandatario, el objetivo de esta medida es \u201c.fiscalizar las condiciones sanitarias, el cumplimiento de las cuarentenas, el cumplimiento de los toques de queda, todo lo que haya que fiscalizar para fortalecer nuestra capacidad de combatir al coronavirus. Eso es algo que los alcaldes hab\u00edan pedido y que yo creo que es muy necesario, y vamos a firmar ese decreto hoy d\u00eda\u201d.<\/p>\n","protected":false},"excerpt":{"rendered":"<p>\u201cLos alcaldes son la primera l\u00ednea del Estado, son la l\u00ednea que est\u00e1 m\u00e1s cerca de la gente, y por tanto, entendemos que deben jugar un rol fundamental, siempre, pero&#8230; <a class=\"read-more\" href=\"https:\/\/www.radiopresidenteibanez.cl\/web\/gobierno-inyectara-a-municipios-us-290-millones-durante-mayo-y-junio-para-contrarrestar-merma-de-sus-ingresos\/\">Leer m\u00e1s<\/a><\/p>\n","protected":false},"author":2,"featured_media":11738,"comment_status":"closed","ping_status":"closed","sticky":false,"template":"","format":"standard","meta":{"footnotes":""},"categories":[1],"tags":[],"class_list":["post-11737","post","type-post","status-publish","format-standard","has-post-thumbnail","hentry","category-cronica"],"_links":{"self":[{"href":"https:\/\/www.radiopresidenteibanez.cl\/web\/wp-json\/wp\/v2\/posts\/11737","targetHints":{"allow":["GET"]}}],"collection":[{"href":"https:\/\/www.radiopresidenteibanez.cl\/web\/wp-json\/wp\/v2\/posts"}],"about":[{"href":"https:\/\/www.radiopresidenteibanez.cl\/web\/wp-json\/wp\/v2\/types\/post"}],"author":[{"embeddable":true,"href":"https:\/\/www.radiopresidenteibanez.cl\/web\/wp-json\/wp\/v2\/users\/2"}],"replies":[{"embeddable":true,"href":"https:\/\/www.radiopresidenteibanez.cl\/web\/wp-json\/wp\/v2\/comments?post=11737"}],"version-history":[{"count":0,"href":"https:\/\/www.radiopresidenteibanez.cl\/web\/wp-json\/wp\/v2\/posts\/11737\/revisions"}],"wp:featuredmedia":[{"embeddable":true,"href":"https:\/\/www.radiopresidenteibanez.cl\/web\/wp-json\/wp\/v2\/media\/11738"}],"wp:attachment":[{"href":"https:\/\/www.radiopresidenteibanez.cl\/web\/wp-json\/wp\/v2\/media?parent=11737"}],"wp:term":[{"taxonomy":"category","embeddable":true,"href":"https:\/\/www.radiopresidenteibanez.cl\/web\/wp-json\/wp\/v2\/categories?post=11737"},{"taxonomy":"post_tag","embeddable":true,"href":"https:\/\/www.radiopresidenteibanez.cl\/web\/wp-json\/wp\/v2\/tags?post=11737"}],"curies":[{"name":"wp","href":"https:\/\/api.w.org\/{rel}","templated":true}]}}