{"id":11735,"date":"2020-05-07T18:57:49","date_gmt":"2020-05-07T18:57:49","guid":{"rendered":"https:\/\/www.radiopresidenteibanez.cl\/web\/?p=11735"},"modified":"2020-05-07T18:57:54","modified_gmt":"2020-05-07T18:57:54","slug":"cpc-magallanes-se-suma-sondeo-para-ir-en-ayuda-de-las-medianas-y-pequenas-empresas","status":"publish","type":"post","link":"https:\/\/www.radiopresidenteibanez.cl\/web\/cpc-magallanes-se-suma-sondeo-para-ir-en-ayuda-de-las-medianas-y-pequenas-empresas\/","title":{"rendered":"CPC MAGALLANES SE SUMA SONDEO PARA IR EN AYUDA DE LAS MEDIANAS Y PEQUE\u00d1AS EMPRESAS"},"content":{"rendered":"\n<p>Con el prop\u00f3sito de impulsar la reactivaci\u00f3n socioecon\u00f3mica de la regi\u00f3n, CPC Magallanes tom\u00f3 la decisi\u00f3n de apoyar -en el marco de la Estrategia Regional Covid-19 2020-2021- la iniciativa que el Gobierno Regional de Magallanes lanz\u00f3 la semana pasada: una encuesta virtual dirigida a propietarios de micro, peque\u00f1as y medianas empresas (MiPyme) que se han sido afectados por meses complejos en su econom\u00eda, considerando que desde mediados de octubre han registrado importantes p\u00e9rdidas debido al estallido social y, posteriormente, han sido golpeados con la pandemia del covid-19.<\/p>\n\n\n\n<p>La pesquisa virtual apunta a definir la situaci\u00f3n actual de las empresas locales y c\u00f3mo est\u00e1 siendo afectada su situaci\u00f3n financiera o de empleabilidad, entre otros aspectos, medici\u00f3n que reflejar\u00e1 en tiempo real las percepciones presentes y futuras. Asimismo, dar\u00e1 a conocer cu\u00e1les son las proyecciones que manejan los empresarios MiPymes, en el caso de que la pandemia en Magallanes se extendiese por varios meses m\u00e1s.<\/p>\n\n\n\n<p>Para acceder y responder las 24 preguntas que forman parte de la encuesta, se debe ingresar al sitio&nbsp;<a href=\"https:\/\/es.surveymonkey.com\/r\/situacionpymesregionales\" target=\"_blank\" rel=\"noreferrer noopener\">https:\/\/es.surveymonkey.com\/r\/situacionpymesregionales<\/a><\/p>\n\n\n\n<p>A la fecha, alrededor de 300 emprendedores locales han contestado esta encuesta, cifra que representa del orden del 2.5% del total de empresas de la regi\u00f3n, lo cual, es insuficiente para construir un diagn\u00f3stico con<\/p>\n","protected":false},"excerpt":{"rendered":"<p>Con el prop\u00f3sito de impulsar la reactivaci\u00f3n socioecon\u00f3mica de la regi\u00f3n, CPC Magallanes tom\u00f3 la decisi\u00f3n de apoyar -en el marco de la Estrategia Regional Covid-19 2020-2021- la iniciativa que&#8230; <a class=\"read-more\" href=\"https:\/\/www.radiopresidenteibanez.cl\/web\/cpc-magallanes-se-suma-sondeo-para-ir-en-ayuda-de-las-medianas-y-pequenas-empresas\/\">Leer m\u00e1s<\/a><\/p>\n","protected":false},"author":2,"featured_media":5543,"comment_status":"closed","ping_status":"closed","sticky":false,"template":"","format":"standard","meta":{"footnotes":""},"categories":[1],"tags":[],"class_list":["post-11735","post","type-post","status-publish","format-standard","has-post-thumbnail","hentry","category-cronica"],"_links":{"self":[{"href":"https:\/\/www.radiopresidenteibanez.cl\/web\/wp-json\/wp\/v2\/posts\/11735","targetHints":{"allow":["GET"]}}],"collection":[{"href":"https:\/\/www.radiopresidenteibanez.cl\/web\/wp-json\/wp\/v2\/posts"}],"about":[{"href":"https:\/\/www.radiopresidenteibanez.cl\/web\/wp-json\/wp\/v2\/types\/post"}],"author":[{"embeddable":true,"href":"https:\/\/www.radiopresidenteibanez.cl\/web\/wp-json\/wp\/v2\/users\/2"}],"replies":[{"embeddable":true,"href":"https:\/\/www.radiopresidenteibanez.cl\/web\/wp-json\/wp\/v2\/comments?post=11735"}],"version-history":[{"count":0,"href":"https:\/\/www.radiopresidenteibanez.cl\/web\/wp-json\/wp\/v2\/posts\/11735\/revisions"}],"wp:featuredmedia":[{"embeddable":true,"href":"https:\/\/www.radiopresidenteibanez.cl\/web\/wp-json\/wp\/v2\/media\/5543"}],"wp:attachment":[{"href":"https:\/\/www.radiopresidenteibanez.cl\/web\/wp-json\/wp\/v2\/media?parent=11735"}],"wp:term":[{"taxonomy":"category","embeddable":true,"href":"https:\/\/www.radiopresidenteibanez.cl\/web\/wp-json\/wp\/v2\/categories?post=11735"},{"taxonomy":"post_tag","embeddable":true,"href":"https:\/\/www.radiopresidenteibanez.cl\/web\/wp-json\/wp\/v2\/tags?post=11735"}],"curies":[{"name":"wp","href":"https:\/\/api.w.org\/{rel}","templated":true}]}}