{"id":11732,"date":"2020-05-07T18:52:43","date_gmt":"2020-05-07T18:52:43","guid":{"rendered":"https:\/\/www.radiopresidenteibanez.cl\/web\/?p=11732"},"modified":"2020-05-07T18:52:47","modified_gmt":"2020-05-07T18:52:47","slug":"en-porvenir-invitaron-a-la-comunidad-a-crear-y-subir-a-la-red-videos-que-incentiven-los-cuidados-ante-el-coronavirus","status":"publish","type":"post","link":"https:\/\/www.radiopresidenteibanez.cl\/web\/en-porvenir-invitaron-a-la-comunidad-a-crear-y-subir-a-la-red-videos-que-incentiven-los-cuidados-ante-el-coronavirus\/","title":{"rendered":"EN PORVENIR INVITARON A LA COMUNIDAD A CREAR Y SUBIR A LA RED VIDEOS QUE INCENTIVEN LOS CUIDADOS ANTE EL CORONAVIRUS"},"content":{"rendered":"\n<p>Pensando en la cuarentena y la campa\u00f1a <a href=\"https:\/\/www.facebook.com\/hashtag\/quedateencasa?source=feed_text&amp;epa=HASHTAG&amp;__xts__%5B0%5D=68.ARAGCY6GQYvxqNNUzWjhEmP7IUFwrJuHCTKFE_QBd70DTf8g1swW4ODpE6Hr6VU2_g884clKDW6urpUt0BJhdSEoFjBHhCE_IODTWm1EXsAqkdwk3PNRBLTLNBnQ1kQqrWP6FREvQcnEklyzqwfmRCOLtAGn_dIQ14YFZJXZuYQRcUNycmP3bZn1SpQs7guw6Qc5oKaaR51NRJ1QJP1T-GyEcDGYKFL8t0-GI1ofzbkpTV9dxVED-mTlLENT_iUfHgPx1zN2JzGErhlc_ED0exMvrselG3u9iphWre0dmiDHUfHkzDgrnX06KJ7Qb__b9BldW9L4gRx8Hd5_62UBpRYk&amp;__tn__=%2ANK-R\">#QuedateEnCasa<\/a>#, ademas de potenciar los\nhabitos de higiene que debe existir dentro de los hogares es que la\nMunicipalidad de Porvenir,&nbsp; ide\u00f3 un\nconcurso para crear mensajes promoviendo el quedarse en casa, el lavado\nfrecuente de manos, el uso de mascarillas o el distanciamiento social. <\/p>\n\n\n\n<p>Fueron muchas las familias fueguinas que derrochando ingenio y\nbuen humor compartieron sus trabajos en video en las redes sociales a\ninstancias del municipio.<\/p>\n\n\n\n<p>La alcaldesa de Porvenir, Marisol Andrade C\u00e1rdenas, indic\u00f3\n\u201cEstar muy contenta por qu\u00e9 el concurso result\u00f3 todo un \u00e9xito y una ves que se\npublicaron los videos hubo mucha participaci\u00f3n de la comunidad en la votaci\u00f3n\u201d.\nLa jefa comunal felicit\u00f3 a los ganadores y se\u00f1al\u00f3 que esta iniciativa fue una\nforma m\u00e1s de unir a las familias dentro de est\u00e1 cuarentena que estamos viviendo\nen la comuna de Porvenir.<\/p>\n\n\n\n<p>Los\nganadores del concurso&nbsp;<a href=\"https:\/\/www.facebook.com\/hashtag\/quedateencasa?source=feed_text&amp;epa=HASHTAG&amp;__xts__%5B0%5D=68.ARAGCY6GQYvxqNNUzWjhEmP7IUFwrJuHCTKFE_QBd70DTf8g1swW4ODpE6Hr6VU2_g884clKDW6urpUt0BJhdSEoFjBHhCE_IODTWm1EXsAqkdwk3PNRBLTLNBnQ1kQqrWP6FREvQcnEklyzqwfmRCOLtAGn_dIQ14YFZJXZuYQRcUNycmP3bZn1SpQs7guw6Qc5oKaaR51NRJ1QJP1T-GyEcDGYKFL8t0-GI1ofzbkpTV9dxVED-mTlLENT_iUfHgPx1zN2JzGErhlc_ED0exMvrselG3u9iphWre0dmiDHUfHkzDgrnX06KJ7Qb__b9BldW9L4gRx8Hd5_62UBpRYk&amp;__tn__=%2ANK-R\">#QuedateEnCasa<\/a># fueron:<\/p>\n\n\n\n<p><br>\n1\u00b0 Lugar: Antonia D\u00edaz Canales con 344 interacciones<br>\n2\u00b0 Lugar: Korien Vilches Meza con 269 interacciones<br>\n3 \u00b0 Lugar: Lioren Vilches Meza con 261 interacciones<\/p>\n\n\n\n<p>Finalmente\nla Municipalidad de Porvenir, felicita a los ganadores del concurso y agradeci\u00f3\nla participaci\u00f3n de la comunidad.<\/p>\n","protected":false},"excerpt":{"rendered":"<p>Pensando en la cuarentena y la campa\u00f1a #QuedateEnCasa#, ademas de potenciar los habitos de higiene que debe existir dentro de los hogares es que la Municipalidad de Porvenir,&nbsp; ide\u00f3 un&#8230; <a class=\"read-more\" href=\"https:\/\/www.radiopresidenteibanez.cl\/web\/en-porvenir-invitaron-a-la-comunidad-a-crear-y-subir-a-la-red-videos-que-incentiven-los-cuidados-ante-el-coronavirus\/\">Leer m\u00e1s<\/a><\/p>\n","protected":false},"author":2,"featured_media":11733,"comment_status":"closed","ping_status":"closed","sticky":false,"template":"","format":"standard","meta":{"footnotes":""},"categories":[1],"tags":[],"class_list":["post-11732","post","type-post","status-publish","format-standard","has-post-thumbnail","hentry","category-cronica"],"_links":{"self":[{"href":"https:\/\/www.radiopresidenteibanez.cl\/web\/wp-json\/wp\/v2\/posts\/11732","targetHints":{"allow":["GET"]}}],"collection":[{"href":"https:\/\/www.radiopresidenteibanez.cl\/web\/wp-json\/wp\/v2\/posts"}],"about":[{"href":"https:\/\/www.radiopresidenteibanez.cl\/web\/wp-json\/wp\/v2\/types\/post"}],"author":[{"embeddable":true,"href":"https:\/\/www.radiopresidenteibanez.cl\/web\/wp-json\/wp\/v2\/users\/2"}],"replies":[{"embeddable":true,"href":"https:\/\/www.radiopresidenteibanez.cl\/web\/wp-json\/wp\/v2\/comments?post=11732"}],"version-history":[{"count":0,"href":"https:\/\/www.radiopresidenteibanez.cl\/web\/wp-json\/wp\/v2\/posts\/11732\/revisions"}],"wp:featuredmedia":[{"embeddable":true,"href":"https:\/\/www.radiopresidenteibanez.cl\/web\/wp-json\/wp\/v2\/media\/11733"}],"wp:attachment":[{"href":"https:\/\/www.radiopresidenteibanez.cl\/web\/wp-json\/wp\/v2\/media?parent=11732"}],"wp:term":[{"taxonomy":"category","embeddable":true,"href":"https:\/\/www.radiopresidenteibanez.cl\/web\/wp-json\/wp\/v2\/categories?post=11732"},{"taxonomy":"post_tag","embeddable":true,"href":"https:\/\/www.radiopresidenteibanez.cl\/web\/wp-json\/wp\/v2\/tags?post=11732"}],"curies":[{"name":"wp","href":"https:\/\/api.w.org\/{rel}","templated":true}]}}