{"id":11725,"date":"2020-05-07T18:41:53","date_gmt":"2020-05-07T18:41:53","guid":{"rendered":"https:\/\/www.radiopresidenteibanez.cl\/web\/?p=11725"},"modified":"2020-05-07T18:41:59","modified_gmt":"2020-05-07T18:41:59","slug":"diputado-bianchi-presenta-proyecto-para-no-disminuir-presupuesto-a-bomberos","status":"publish","type":"post","link":"https:\/\/www.radiopresidenteibanez.cl\/web\/diputado-bianchi-presenta-proyecto-para-no-disminuir-presupuesto-a-bomberos\/","title":{"rendered":"DIPUTADO BIANCHI PRESENTA PROYECTO PARA NO DISMINUIR PRESUPUESTO A BOMBEROS"},"content":{"rendered":"\n<p>\u201cUn recorte a Bomberos de\nChile es inaceptable, m\u00e1s a\u00fan en estos tiempos donde se hace estrictamente\nnecesario que se concentren los recursos en instituciones que tienen como fin\nel beneficio de la sociedad\u201d, manifest\u00f3 el parlamentario.<\/p>\n\n\n\n<p>Con Fecha 30 de abril, el\npresidente Sebasti\u00e1n Pi\u00f1era envi\u00f3 al tr\u00e1mite de \u201cToma de Raz\u00f3n\u201d en Contralor\u00eda,\nel Decreto N\u00b0707 del Ministerio de Hacienda, mediante el cual se materializa\nuna rebaja del presupuesto de la instituci\u00f3n del a\u00f1o 2020.<\/p>\n\n\n\n<p>La iniciativa del diputado\nindependiente plantea la alternativa de disponer los recursos de la Ley Espejo\nque se env\u00eda hacia las regiones y que son utilizados en su gran mayor\u00eda en\ninfraestructura que no necesariamente est\u00e1 destinada al transporte.<\/p>\n\n\n\n<p>El documento explica que as\u00ed\nse podr\u00e1 disponer de recursos que ya se encuentran en los presupuestos regionales\na un servicio de utilidad p\u00fablica como Bomberos, cuya labor es fundamental,\nespecialmente en este escenario de crisis sanitaria.<\/p>\n\n\n\n<p>El Directorio Nacional de\nBomberos de Chile expres\u00f3 su molestia por la decisi\u00f3n del Gobierno a trav\u00e9s de\nuna manifestaci\u00f3n, la que se realiz\u00f3 el martes pasado a las 21.30 horas donde\nlas sirenas de todo el pa\u00eds se activaron para protestar por la rebaja.<\/p>\n\n\n\n<p>En este sentido, el diputado magall\u00e1nico\nexpres\u00f3 el apoyo a la instituci\u00f3n y dijo: \u201cNo se puede tratar a Bomberos como\nsi fuera un servicio m\u00e1s del sector p\u00fablico, ya que esta instituci\u00f3n es de car\u00e1cter\nprivado y solo cumple con realizar un servicio de utilidad p\u00fablica. Ellos con\ngran entrega se encargan de dar la primera respuesta a las emergencias que\nocurren en nuestro pa\u00eds en favor de nuestras comunidades\u201d.<\/p>\n\n\n\n<p>La rebaja dispuesta por la\nDirecci\u00f3n de Presupuestos de la Naci\u00f3n alcanza la suma de $3.755.793.000, lo\nque representa una disminuci\u00f3n del 7,86% de los recursos aportados por el\nEstado. <\/p>\n\n\n\n<p>Recientemente Hacienda y\nBomberos alcanzaron un primer acuerdo en el que lograron rebajar a $1.400\nmillones el recorte presupuestario pero las negociaciones a\u00fan contin\u00faan y\ndeber\u00e1 ser sometido a consideraci\u00f3n de la directiva nacional de la instituci\u00f3n.<\/p>\n","protected":false},"excerpt":{"rendered":"<p>\u201cUn recorte a Bomberos de Chile es inaceptable, m\u00e1s a\u00fan en estos tiempos donde se hace estrictamente necesario que se concentren los recursos en instituciones que tienen como fin el&#8230; <a class=\"read-more\" href=\"https:\/\/www.radiopresidenteibanez.cl\/web\/diputado-bianchi-presenta-proyecto-para-no-disminuir-presupuesto-a-bomberos\/\">Leer m\u00e1s<\/a><\/p>\n","protected":false},"author":2,"featured_media":5567,"comment_status":"closed","ping_status":"closed","sticky":false,"template":"","format":"standard","meta":{"footnotes":""},"categories":[1],"tags":[],"class_list":["post-11725","post","type-post","status-publish","format-standard","has-post-thumbnail","hentry","category-cronica"],"_links":{"self":[{"href":"https:\/\/www.radiopresidenteibanez.cl\/web\/wp-json\/wp\/v2\/posts\/11725","targetHints":{"allow":["GET"]}}],"collection":[{"href":"https:\/\/www.radiopresidenteibanez.cl\/web\/wp-json\/wp\/v2\/posts"}],"about":[{"href":"https:\/\/www.radiopresidenteibanez.cl\/web\/wp-json\/wp\/v2\/types\/post"}],"author":[{"embeddable":true,"href":"https:\/\/www.radiopresidenteibanez.cl\/web\/wp-json\/wp\/v2\/users\/2"}],"replies":[{"embeddable":true,"href":"https:\/\/www.radiopresidenteibanez.cl\/web\/wp-json\/wp\/v2\/comments?post=11725"}],"version-history":[{"count":0,"href":"https:\/\/www.radiopresidenteibanez.cl\/web\/wp-json\/wp\/v2\/posts\/11725\/revisions"}],"wp:featuredmedia":[{"embeddable":true,"href":"https:\/\/www.radiopresidenteibanez.cl\/web\/wp-json\/wp\/v2\/media\/5567"}],"wp:attachment":[{"href":"https:\/\/www.radiopresidenteibanez.cl\/web\/wp-json\/wp\/v2\/media?parent=11725"}],"wp:term":[{"taxonomy":"category","embeddable":true,"href":"https:\/\/www.radiopresidenteibanez.cl\/web\/wp-json\/wp\/v2\/categories?post=11725"},{"taxonomy":"post_tag","embeddable":true,"href":"https:\/\/www.radiopresidenteibanez.cl\/web\/wp-json\/wp\/v2\/tags?post=11725"}],"curies":[{"name":"wp","href":"https:\/\/api.w.org\/{rel}","templated":true}]}}