{"id":11722,"date":"2020-05-07T18:40:25","date_gmt":"2020-05-07T18:40:25","guid":{"rendered":"https:\/\/www.radiopresidenteibanez.cl\/web\/?p=11722"},"modified":"2020-05-07T18:40:30","modified_gmt":"2020-05-07T18:40:30","slug":"core-magallanes-llama-urgentemente-a-las-pequenas-y-medianas-empresas-a-responder-encuesta-que-permitira-medir-impacto-del-covid-19-en-el-sector","status":"publish","type":"post","link":"https:\/\/www.radiopresidenteibanez.cl\/web\/core-magallanes-llama-urgentemente-a-las-pequenas-y-medianas-empresas-a-responder-encuesta-que-permitira-medir-impacto-del-covid-19-en-el-sector\/","title":{"rendered":"CORE MAGALLANES LLAMA URGENTEMENTE A LAS PEQUE\u00d1AS Y MEDIANAS EMPRESAS A RESPONDER ENCUESTA QUE PERMITIR\u00c1 MEDIR IMPACTO DEL COVID-19 EN EL SECTOR"},"content":{"rendered":"\n<p>Los consejeros y consejeras\nregionales se encuentran efectuando un llamado a las peque\u00f1as y medianas\nempresas a&nbsp; fin de que respondan y sean\nparte de la encuesta virtual elaborada por profesionales del Gobierno Regional\nen el marco del \u201cPlan Reactivaci\u00f3n Socioecon\u00f3mica de Magallanes\u201d. <\/p>\n\n\n\n<p>La herramienta virtual consta\nde veinticuatro preguntas dirigidas a los propietarios de micro, peque\u00f1as y medianas\nempresas (MiPyme) que han sido afectados por meses complejos en su econom\u00eda registrando\nimportantes p\u00e9rdidas y apunta a definir entre otros t\u00e9rminos, la situaci\u00f3n\nactual, nivel financiero y&nbsp;\nempleabilidad. Asimismo la medici\u00f3n dar\u00e1 a conocer cu\u00e1les son las\nproyecciones que manejan los empresarios en caso de que la pandemia COVID-19 en\nMagallanes se extienda por varios meses m\u00e1s.<\/p>\n\n\n\n<p>Seg\u00fan se\u00f1al\u00f3 el presidente de\nla comisi\u00f3n R\u00e9gimen Interior, Tolentino Soto, es fundamental que todas las\nempresas participen para posteriormente orientar las pol\u00edticas econ\u00f3micas de\nreactivaci\u00f3n y salvar el empleo.&nbsp; \u201cCreo\nque desde el nivel central se han tomado medidas como inyectar recursos a la\nbanca y a trav\u00e9s de ellos entregar cr\u00e9ditos pero hay un gran sector de peque\u00f1as\nempresas que no tiene acceso y desde el CORE si bien no podemos levantar iniciativas\nque fortalezcan este tipo de pol\u00edticas, nos hemos adelantado intentando\ncomunicar a la mayor\u00eda para que puedan participar de este instrumento muy valioso\nque permitir\u00e1&nbsp; actuar con eficiencia\nfrente a inyectar recursos a las empresas que est\u00e1n generando empleo en la\nregi\u00f3n\u201d, afirm\u00f3. <\/p>\n\n\n\n<p>Por su parte el vicepresidente\nde R\u00e9gimen Interior, Miguel Sierpe, expres\u00f3 su preocupaci\u00f3n ante la falta de\ndifusi\u00f3n y socializaci\u00f3n de esta encuesta dada la relevancia que puede tener en\nfuturas decisiones econ\u00f3micas por tanto efectu\u00f3 en enf\u00e1tico llamado a las peque\u00f1as\ny medianas empresas locales a participar. &nbsp;\u201cEs una herramienta positiva y una l\u00ednea necear\u00eda.\nLo que no comparto es que como Consejo Regional reci\u00e9n ayer tuvimos\nconocimiento de esta encuesta en la reuni\u00f3n de R\u00e9gimen Interior y nos preocupa\nsaber que de un total de 9.000 empresarios en la regi\u00f3n, a la fecha solo 380\nhan contestado y ello se refleja en las constantes solicitudes de informaci\u00f3n\nque nos hacen llegar peque\u00f1os empresarios. Esto debe ser ampliamente difundido y\ncon absoluta trasparencia de manera que todo el mundo tenga la posibilidad de participar\ny que los recursos no lleguen a los mismos de siempre ya que hay gente que hoy\nlo est\u00e1 pasando muy mal y no tiene el conocimiento de c\u00f3mo se est\u00e1n generando y\nordenando las ayudas econ\u00f3micas\u201d, detall\u00f3 el consejero Sierpe.<\/p>\n\n\n\n<p>A la fecha solo 380 emprendedores\nlocales han contestado esta encuesta, cifra que representa el 3.4% del total en\nla regi\u00f3n lo cual es insuficiente para construir un diagn\u00f3stico con precisi\u00f3n,\npor ello los consejeros regionales se encuentran efectuando un enf\u00e1tico llamado\na&nbsp; contestar&nbsp; y compartir esta informaci\u00f3n. <\/p>\n\n\n\n<p>Para acceder y responder se\ndebe acceder al sitio: <a href=\"https:\/\/es.surveymonkey.com\/r\/situacionpymesregionales\">https:\/\/es.surveymonkey.com\/r\/situacionpymesregionales<\/a> y el\nplazo vence el pr\u00f3ximo viernes 15 de mayo.<\/p>\n","protected":false},"excerpt":{"rendered":"<p>Los consejeros y consejeras regionales se encuentran efectuando un llamado a las peque\u00f1as y medianas empresas a&nbsp; fin de que respondan y sean parte de la encuesta virtual elaborada por&#8230; <a class=\"read-more\" href=\"https:\/\/www.radiopresidenteibanez.cl\/web\/core-magallanes-llama-urgentemente-a-las-pequenas-y-medianas-empresas-a-responder-encuesta-que-permitira-medir-impacto-del-covid-19-en-el-sector\/\">Leer m\u00e1s<\/a><\/p>\n","protected":false},"author":2,"featured_media":11723,"comment_status":"closed","ping_status":"closed","sticky":false,"template":"","format":"standard","meta":{"footnotes":""},"categories":[1],"tags":[],"class_list":["post-11722","post","type-post","status-publish","format-standard","has-post-thumbnail","hentry","category-cronica"],"_links":{"self":[{"href":"https:\/\/www.radiopresidenteibanez.cl\/web\/wp-json\/wp\/v2\/posts\/11722","targetHints":{"allow":["GET"]}}],"collection":[{"href":"https:\/\/www.radiopresidenteibanez.cl\/web\/wp-json\/wp\/v2\/posts"}],"about":[{"href":"https:\/\/www.radiopresidenteibanez.cl\/web\/wp-json\/wp\/v2\/types\/post"}],"author":[{"embeddable":true,"href":"https:\/\/www.radiopresidenteibanez.cl\/web\/wp-json\/wp\/v2\/users\/2"}],"replies":[{"embeddable":true,"href":"https:\/\/www.radiopresidenteibanez.cl\/web\/wp-json\/wp\/v2\/comments?post=11722"}],"version-history":[{"count":0,"href":"https:\/\/www.radiopresidenteibanez.cl\/web\/wp-json\/wp\/v2\/posts\/11722\/revisions"}],"wp:featuredmedia":[{"embeddable":true,"href":"https:\/\/www.radiopresidenteibanez.cl\/web\/wp-json\/wp\/v2\/media\/11723"}],"wp:attachment":[{"href":"https:\/\/www.radiopresidenteibanez.cl\/web\/wp-json\/wp\/v2\/media?parent=11722"}],"wp:term":[{"taxonomy":"category","embeddable":true,"href":"https:\/\/www.radiopresidenteibanez.cl\/web\/wp-json\/wp\/v2\/categories?post=11722"},{"taxonomy":"post_tag","embeddable":true,"href":"https:\/\/www.radiopresidenteibanez.cl\/web\/wp-json\/wp\/v2\/tags?post=11722"}],"curies":[{"name":"wp","href":"https:\/\/api.w.org\/{rel}","templated":true}]}}