{"id":11716,"date":"2020-05-07T15:15:35","date_gmt":"2020-05-07T15:15:35","guid":{"rendered":"https:\/\/www.radiopresidenteibanez.cl\/web\/?p=11716"},"modified":"2020-05-07T15:15:39","modified_gmt":"2020-05-07T15:15:39","slug":"hecho-en-chile-por-rolando-martinez","status":"publish","type":"post","link":"https:\/\/www.radiopresidenteibanez.cl\/web\/hecho-en-chile-por-rolando-martinez\/","title":{"rendered":"HECHO EN CHILE por ROLANDO MART\u00cdNEZ"},"content":{"rendered":"\n<p>Estamos en tiempos de crisis.\nVivimos un presente complicado y un futuro incierto. Son muchas las familias\nque enfrentan la debacle al interior de sus hogares porque la cesant\u00eda ha\ngolpeado. Las cifras revelaron en d\u00edas pasados que hab\u00eda un mill\u00f3n de chilenos\ndesempleados, pero seguro que esta cantidad aumentar\u00e1 m\u00e1s.<\/p>\n\n\n\n<p>La Regi\u00f3n de Magallanes y\nAnt\u00e1rtica chilena luci\u00f3 en los \u00faltimos a\u00f1os las mejores cifras de menor\ndesempleo en el pa\u00eds. Sin duda, la situaci\u00f3n post estallido social y ahora con\nla pandemia, el escenario de la cesant\u00eda se agudiz\u00f3 y el trimestre m\u00f3vil\nenero-marzo revela que el desempleo en la regi\u00f3n alcanza al 4,7%, es decir 1,6\npuntos m\u00e1s que el mismo periodo del a\u00f1o 2019.<\/p>\n\n\n\n<p>A nivel nacional el desempleo\nllega al 8,2% y la ca\u00edda en la actividad econ\u00f3mica registra 3,5% para marzo,\naunque los analistas vaticinan un \u00edndice mayor que puede llegar a 12% entre\nabril y mayo.<\/p>\n\n\n\n<p>Si estamos en plena crisis que\nno sabemos c\u00f3mo terminar\u00e1, resulta impresentable saber que grandes empresas\ncomo Cencosud, Latam o administradoras de fondos de pensiones como Capital y\nHabitat se convoquen para juntas de accionistas con el af\u00e1n de repartir las\nutilidades obtenidas por sus ejercicios financieros durante 2019. Es cierto que\nm\u00e1s de alguien puede decir que ello es producto de ganancias antes de la crisis\ny tambi\u00e9n estoy de acuerdo con que ello est\u00e1 estipulado en la Ley de Sociedades\nde Capital que establece la forma y fondo de distribuci\u00f3n de dividendos. <\/p>\n\n\n\n<p>Sin embargo, quisiera saber\nque este fuera el momento de los gestos de las grandes empresas y\nadministradoras de fondos de pensiones para que con hechos demostraran la\nadhesi\u00f3n a las crisis que enfrentan miles de familias chilenas. <\/p>\n\n\n\n<p>Ilusionarse quiz\u00e1s con que los\npropios accionistas resuelvan reinyectar esas utilidades a favor de los\ntrabajadores de sus empresas y en el caso de las AFP\u00b4s redistribuir esas\nutilidades en los afiliados con menores ahorros previsionales.<\/p>\n\n\n\n<p>Ahora bien, m\u00e1s de alguien ha\ndicho que toda crisis sirve para fortalecerse. Charles Darwin dijo: \u201cNo es la\nespecie m\u00e1s fuerte la que sobrevive, ni la m\u00e1s inteligente, sino la que mejor\nresponde al cambio\u201d.<\/p>\n\n\n\n<p>Y claramente despu\u00e9s que\nsuperemos todo esto debi\u00e9ramos fortalecernos y ojal\u00e1 todos puedan superar el\nmal momento. Algunos lo har\u00e1n antes y otros despu\u00e9s. <\/p>\n\n\n\n<p>Quiz\u00e1s sea el momento para que\nse revitalice la industria nacional que por este modelo econ\u00f3mico ha sucumbido\nante las producciones asi\u00e1ticas que con mano de obra barata han incrementado\nsus exportaciones a todo el mundo. <\/p>\n\n\n\n<p>Un ejemplo claro de ello es\nque muchos pa\u00edses, incluyendo Chile, deban recurrir al mercado asi\u00e1tico para\nabastecerse de muchos insumos m\u00e9dicos, cl\u00ednicos. Basta ver la forma como Chile\nha debido adquirir nuevos ventiladores mec\u00e1nicos en China.<\/p>\n\n\n\n<p>El libro llamado \u201cChina Rx\u201d\nvaticin\u00f3 el riesgo que medicamentos y suministros m\u00e9dicos que se usan en\nEstados Unidos y Europa Occidental se hagan en el extranjero y pod\u00edan ser\nnacionalizados en una emergencia en los pa\u00edses donde los procesan como India y\nChina.<\/p>\n\n\n\n<p>El connotado epidemi\u00f3logo\nnorteamericano&nbsp; Michael Olsterholm, en\nrevistas especializadas de ciencia, predijo en 2005 que el mundo era vulnerable\nante una pandemia y la prueba la ratifica hoy al se\u00f1alar que el 85% de 156\nmedicamentos gen\u00e9ricos que se comercializan en Estados Unidos se producen en la\nIndia y China.<\/p>\n\n\n\n<p>Chile no puede quedar ajeno a\nesta realidad y debe potenciar su industria nacional, dar cabida a los\ninvestigadores, a j\u00f3venes emprendedores para que no dependamos de otros\nmercados. Hasta los accionistas de grandes empresas que hoy sacan cuentas con\nsus utilidades podr\u00edan apoyar el nuevo futuro de la producci\u00f3n nacional. <\/p>\n","protected":false},"excerpt":{"rendered":"<p>Estamos en tiempos de crisis. Vivimos un presente complicado y un futuro incierto. Son muchas las familias que enfrentan la debacle al interior de sus hogares porque la cesant\u00eda ha&#8230; <a class=\"read-more\" href=\"https:\/\/www.radiopresidenteibanez.cl\/web\/hecho-en-chile-por-rolando-martinez\/\">Leer m\u00e1s<\/a><\/p>\n","protected":false},"author":2,"featured_media":11717,"comment_status":"closed","ping_status":"closed","sticky":false,"template":"","format":"standard","meta":{"footnotes":""},"categories":[1],"tags":[],"class_list":["post-11716","post","type-post","status-publish","format-standard","has-post-thumbnail","hentry","category-cronica"],"_links":{"self":[{"href":"https:\/\/www.radiopresidenteibanez.cl\/web\/wp-json\/wp\/v2\/posts\/11716","targetHints":{"allow":["GET"]}}],"collection":[{"href":"https:\/\/www.radiopresidenteibanez.cl\/web\/wp-json\/wp\/v2\/posts"}],"about":[{"href":"https:\/\/www.radiopresidenteibanez.cl\/web\/wp-json\/wp\/v2\/types\/post"}],"author":[{"embeddable":true,"href":"https:\/\/www.radiopresidenteibanez.cl\/web\/wp-json\/wp\/v2\/users\/2"}],"replies":[{"embeddable":true,"href":"https:\/\/www.radiopresidenteibanez.cl\/web\/wp-json\/wp\/v2\/comments?post=11716"}],"version-history":[{"count":0,"href":"https:\/\/www.radiopresidenteibanez.cl\/web\/wp-json\/wp\/v2\/posts\/11716\/revisions"}],"wp:featuredmedia":[{"embeddable":true,"href":"https:\/\/www.radiopresidenteibanez.cl\/web\/wp-json\/wp\/v2\/media\/11717"}],"wp:attachment":[{"href":"https:\/\/www.radiopresidenteibanez.cl\/web\/wp-json\/wp\/v2\/media?parent=11716"}],"wp:term":[{"taxonomy":"category","embeddable":true,"href":"https:\/\/www.radiopresidenteibanez.cl\/web\/wp-json\/wp\/v2\/categories?post=11716"},{"taxonomy":"post_tag","embeddable":true,"href":"https:\/\/www.radiopresidenteibanez.cl\/web\/wp-json\/wp\/v2\/tags?post=11716"}],"curies":[{"name":"wp","href":"https:\/\/api.w.org\/{rel}","templated":true}]}}