{"id":11713,"date":"2020-05-07T15:00:50","date_gmt":"2020-05-07T15:00:50","guid":{"rendered":"https:\/\/www.radiopresidenteibanez.cl\/web\/?p=11713"},"modified":"2020-05-07T15:00:54","modified_gmt":"2020-05-07T15:00:54","slug":"cementerios-parque-reabriran-a-partir-del-lunes","status":"publish","type":"post","link":"https:\/\/www.radiopresidenteibanez.cl\/web\/cementerios-parque-reabriran-a-partir-del-lunes\/","title":{"rendered":"CEMENTERIOS PARQUE REABRIR\u00c1N A PARTIR DEL LUNES"},"content":{"rendered":"\n<p>Por instrucci\u00f3n de la autoridad sanitaria todos los cementerios del pa\u00eds deber\u00e1n mantenerse cerrados al p\u00fablico este domingo 10 de mayo, fecha en la que se conmemora el D\u00eda de la Madre.<\/p>\n\n\n\n<p>No obstante, a partir del lunes 11 de mayo desde la 9 hasta las 14 horas abrir\u00e1n sus puertas al p\u00fablico los parques cementerio Cruz de Froward y Punta Arenas, inform\u00f3 la empresa desde donde indicaron que los visitantes deber\u00e1n cumplir las normas sanitarias de distanciamiento social, evitar aglomeraciones y uso de mascarillas.<\/p>\n","protected":false},"excerpt":{"rendered":"<p>Por instrucci\u00f3n de la autoridad sanitaria todos los cementerios del pa\u00eds deber\u00e1n mantenerse cerrados al p\u00fablico este domingo 10 de mayo, fecha en la que se conmemora el D\u00eda de&#8230; <a class=\"read-more\" href=\"https:\/\/www.radiopresidenteibanez.cl\/web\/cementerios-parque-reabriran-a-partir-del-lunes\/\">Leer m\u00e1s<\/a><\/p>\n","protected":false},"author":2,"featured_media":11714,"comment_status":"closed","ping_status":"closed","sticky":false,"template":"","format":"standard","meta":{"footnotes":""},"categories":[1],"tags":[],"class_list":["post-11713","post","type-post","status-publish","format-standard","has-post-thumbnail","hentry","category-cronica"],"_links":{"self":[{"href":"https:\/\/www.radiopresidenteibanez.cl\/web\/wp-json\/wp\/v2\/posts\/11713","targetHints":{"allow":["GET"]}}],"collection":[{"href":"https:\/\/www.radiopresidenteibanez.cl\/web\/wp-json\/wp\/v2\/posts"}],"about":[{"href":"https:\/\/www.radiopresidenteibanez.cl\/web\/wp-json\/wp\/v2\/types\/post"}],"author":[{"embeddable":true,"href":"https:\/\/www.radiopresidenteibanez.cl\/web\/wp-json\/wp\/v2\/users\/2"}],"replies":[{"embeddable":true,"href":"https:\/\/www.radiopresidenteibanez.cl\/web\/wp-json\/wp\/v2\/comments?post=11713"}],"version-history":[{"count":0,"href":"https:\/\/www.radiopresidenteibanez.cl\/web\/wp-json\/wp\/v2\/posts\/11713\/revisions"}],"wp:featuredmedia":[{"embeddable":true,"href":"https:\/\/www.radiopresidenteibanez.cl\/web\/wp-json\/wp\/v2\/media\/11714"}],"wp:attachment":[{"href":"https:\/\/www.radiopresidenteibanez.cl\/web\/wp-json\/wp\/v2\/media?parent=11713"}],"wp:term":[{"taxonomy":"category","embeddable":true,"href":"https:\/\/www.radiopresidenteibanez.cl\/web\/wp-json\/wp\/v2\/categories?post=11713"},{"taxonomy":"post_tag","embeddable":true,"href":"https:\/\/www.radiopresidenteibanez.cl\/web\/wp-json\/wp\/v2\/tags?post=11713"}],"curies":[{"name":"wp","href":"https:\/\/api.w.org\/{rel}","templated":true}]}}