{"id":11710,"date":"2020-05-07T14:53:06","date_gmt":"2020-05-07T14:53:06","guid":{"rendered":"https:\/\/www.radiopresidenteibanez.cl\/web\/?p=11710"},"modified":"2020-05-07T14:53:10","modified_gmt":"2020-05-07T14:53:10","slug":"municipio-detecto-casos-de-familias-que-intentaron-abusar-del-sistema-en-la-agenda-social","status":"publish","type":"post","link":"https:\/\/www.radiopresidenteibanez.cl\/web\/municipio-detecto-casos-de-familias-que-intentaron-abusar-del-sistema-en-la-agenda-social\/","title":{"rendered":"MUNICIPIO DETECT\u00d3 CASOS DE FAMILIAS QUE INTENTARON ABUSAR DEL SISTEMA EN LA AGENDA SOCIAL"},"content":{"rendered":"\n<p>En el marco de la Agenda Social que lleva adelante el\nMunicipio de Punta Arenas, se han detectado algunos casos de familias que han\nintentado sacar provecho de la situaci\u00f3n que se vive y solicitar ayuda, pese a\ntener recursos estables y contar con buenos ingresos.<\/p>\n\n\n\n<p>\u201cEn estas dos semanas que hemos trabajado intensamente en la\nAgenda Social Municipal, donde hemos podido llegar con colaboraci\u00f3n directa a\nm\u00e1s de 1.300 familias de nuestra ciudad, tambi\u00e9n nos hemos encontrado con el\nlado que nadie quiere saber, personas que han intentado abusar del sistema y\nlas hemos podido detener antes de entregar ayuda a personas que directamente no\ncorresponden\u201d, afirm\u00f3 el alcalde de Punta Arenas, Claudio Radonich, llamando a\nla comunidad a actuar de buena fe.<\/p>\n\n\n\n<p>El jefe comunal agreg\u00f3 que \u201cno podemos permitir que personas\nque, teniendo trabajos, cotizando en isapres, ambos en una casa, nos est\u00e9n\npidiendo ayuda social. Esta ayuda debe ser para personas que est\u00e9n\ndesempleadas, que lo est\u00e1n pasando mal, que no tienen ingresos, y por eso apelo\na esta conciencia social\u201d.<\/p>\n\n\n\n<p>Por su parte, la directora de Desarrollo Comunitario, Elena\nBlackwood, indic\u00f3 que los requisitos han sido publicados y que se espera que\nquienes realmente necesiten la ayuda, env\u00eden sus antecedentes. \u201cCuando hay personas\nque, teniendo recursos, solicitan igualmente la ayuda, el sistema se retrasa,\nya que los profesionales deben utilizar parte de su tiempo en analizar los\nantecedentes, y eso hace que muchas personas, que realmente est\u00e1n en\nsituaciones de necesidad, deban esperar a\u00fan m\u00e1s para poder ser evaluadas\u201d,\nprecis\u00f3.<\/p>\n\n\n\n<p>Requisitos<\/p>\n\n\n\n<p>Los requisitos para los diferentes apoyos son los\nsiguientes:<\/p>\n\n\n\n<p>Bono Arriendo<\/p>\n\n\n\n<p>-Cartola Registro Social de Hogares, que verifique tramo\nentre el 40% y 60% de calificaci\u00f3n socioecon\u00f3mica.<\/p>\n\n\n\n<p>-Copia C\u00e9dula de Identidad por ambos lados.<\/p>\n\n\n\n<p>-Copia de Contrato de Arriendo (completo) o Declaraci\u00f3n\nJurada Simple, con datos de Arrendador y Arrendatario.<\/p>\n\n\n\n<p>* En caso de NO contar con Registro Social de Hogares, se\nsolicitar\u00e1 documentaci\u00f3n que respalde su situaci\u00f3n econ\u00f3mica vigente\n(Finiquito, Cotizaciones AFP, Seguro de cesant\u00eda), copia C\u00e9dula de identidad\npor ambos lados.<\/p>\n\n\n\n<p>Alimentaci\u00f3n<\/p>\n\n\n\n<p>-Cartola Registro Social de Hogares, que verifique tramo\nentre el 40% y 60% de calificaci\u00f3n socioecon\u00f3mica.<\/p>\n\n\n\n<p>-Copia C\u00e9dula de Identidad por ambos lados.<\/p>\n\n\n\n<p>* En caso de NO contar con Registro Social de Hogares, se\nsolicitar\u00e1 documentaci\u00f3n que respalde su situaci\u00f3n econ\u00f3mica vigente\n(Finiquito, Cotizaciones AFP, Seguro de cesant\u00eda), copia C\u00e9dula de identidad\npor ambos lados.<\/p>\n\n\n\n<p>Medicamentos:<\/p>\n\n\n\n<p>-Cartola Registro Social de Hogares, que verifique tramo\nentre el 40% y 60% de calificaci\u00f3n socioecon\u00f3mica.<\/p>\n\n\n\n<p>-Copia C\u00e9dula de Identidad por ambos lados.<\/p>\n\n\n\n<p>-Receta M\u00e9dica o Carnet Control del CESFAM Correspondiente.<\/p>\n\n\n\n<p>* En caso de NO contar con Registro Social de Hogares, se\nsolicitar\u00e1 documentaci\u00f3n que respalde su situaci\u00f3n econ\u00f3mica vigente\n(Finiquito, Cotizaciones AFP, Seguro de cesant\u00eda), copia C\u00e9dula de identidad\npor ambos lados.<\/p>\n\n\n\n<p>Servicios B\u00e1sicos (Agua\/Gas).<\/p>\n\n\n\n<p>-Cartola Registro Social de Hogares, que verifique tramo\nentre el 40% y 60% de calificaci\u00f3n socioecon\u00f3mica.<\/p>\n\n\n\n<p>-Copia C\u00e9dula de Identidad por ambos lados&nbsp; <\/p>\n\n\n\n<p>-Copia Boleta de Consumo.<\/p>\n\n\n\n<p>* En caso de NO contar con Registro Social de Hogares, se\nsolicitar\u00e1 documentaci\u00f3n que respalde su situaci\u00f3n econ\u00f3mica vigente\n(Finiquito, Cotizaciones AFP, Seguro de cesant\u00eda), copia C\u00e9dula de identidad\npor ambos lados y boleta de consumos.<\/p>\n\n\n\n<p>Pa\u00f1ales (Adultos y ni\u00f1os)<\/p>\n\n\n\n<p>-Cartola Registro Social de Hogares, que verifique tramo\nentre el 40% y 60% de calificaci\u00f3n socioecon\u00f3mica.<\/p>\n\n\n\n<p>-Copia C\u00e9dula de Identidad por ambos lados.<\/p>\n\n\n\n<p>* En caso de NO contar con Registro Social de Hogares, se\nsolicitar\u00e1 documentaci\u00f3n que respalde su situaci\u00f3n econ\u00f3mica vigente\n(Finiquito, Cotizaciones AFP, Seguro de cesant\u00eda), copia C\u00e9dula de identidad\npor ambos lados.<\/p>\n","protected":false},"excerpt":{"rendered":"<p>En el marco de la Agenda Social que lleva adelante el Municipio de Punta Arenas, se han detectado algunos casos de familias que han intentado sacar provecho de la situaci\u00f3n&#8230; <a class=\"read-more\" href=\"https:\/\/www.radiopresidenteibanez.cl\/web\/municipio-detecto-casos-de-familias-que-intentaron-abusar-del-sistema-en-la-agenda-social\/\">Leer m\u00e1s<\/a><\/p>\n","protected":false},"author":2,"featured_media":11711,"comment_status":"closed","ping_status":"closed","sticky":false,"template":"","format":"standard","meta":{"footnotes":""},"categories":[1],"tags":[],"class_list":["post-11710","post","type-post","status-publish","format-standard","has-post-thumbnail","hentry","category-cronica"],"_links":{"self":[{"href":"https:\/\/www.radiopresidenteibanez.cl\/web\/wp-json\/wp\/v2\/posts\/11710","targetHints":{"allow":["GET"]}}],"collection":[{"href":"https:\/\/www.radiopresidenteibanez.cl\/web\/wp-json\/wp\/v2\/posts"}],"about":[{"href":"https:\/\/www.radiopresidenteibanez.cl\/web\/wp-json\/wp\/v2\/types\/post"}],"author":[{"embeddable":true,"href":"https:\/\/www.radiopresidenteibanez.cl\/web\/wp-json\/wp\/v2\/users\/2"}],"replies":[{"embeddable":true,"href":"https:\/\/www.radiopresidenteibanez.cl\/web\/wp-json\/wp\/v2\/comments?post=11710"}],"version-history":[{"count":0,"href":"https:\/\/www.radiopresidenteibanez.cl\/web\/wp-json\/wp\/v2\/posts\/11710\/revisions"}],"wp:featuredmedia":[{"embeddable":true,"href":"https:\/\/www.radiopresidenteibanez.cl\/web\/wp-json\/wp\/v2\/media\/11711"}],"wp:attachment":[{"href":"https:\/\/www.radiopresidenteibanez.cl\/web\/wp-json\/wp\/v2\/media?parent=11710"}],"wp:term":[{"taxonomy":"category","embeddable":true,"href":"https:\/\/www.radiopresidenteibanez.cl\/web\/wp-json\/wp\/v2\/categories?post=11710"},{"taxonomy":"post_tag","embeddable":true,"href":"https:\/\/www.radiopresidenteibanez.cl\/web\/wp-json\/wp\/v2\/tags?post=11710"}],"curies":[{"name":"wp","href":"https:\/\/api.w.org\/{rel}","templated":true}]}}