{"id":11707,"date":"2020-05-07T14:04:37","date_gmt":"2020-05-07T14:04:37","guid":{"rendered":"https:\/\/www.radiopresidenteibanez.cl\/web\/?p=11707"},"modified":"2020-05-07T14:04:41","modified_gmt":"2020-05-07T14:04:41","slug":"concejal-aguilante-levantar-la-cuarentena-podria-ser-una-medida-apresurada-y-arriesgada-justo-en-el-peak-de-la-pandemia","status":"publish","type":"post","link":"https:\/\/www.radiopresidenteibanez.cl\/web\/concejal-aguilante-levantar-la-cuarentena-podria-ser-una-medida-apresurada-y-arriesgada-justo-en-el-peak-de-la-pandemia\/","title":{"rendered":"CONCEJAL AGUILANTE: \u201cLEVANTAR LA CUARENTENA PODRIA SER UNA MEDIDA APRESURADA Y ARRIESGADA JUSTO EN EL PEAK DE LA PANDEMIA\u201d"},"content":{"rendered":"\n<p>\u201cAunque\nsea por pocos d\u00edas, levantar la cuarentena en la ciudad de Punta Arenas me\nparece una medida precipitada que podr\u00eda traer serios riesgos y donde se\ndesconoce si hay alg\u00fan sustento cient\u00edfico sanitario que la avale\u201d.<\/p>\n\n\n\n<p>El\nconcejal Jos\u00e9 Aguilante Mansilla manifest\u00f3 que se hab\u00edan enterado a trav\u00e9s del\nalcalde que la decisi\u00f3n habr\u00eda sido tomada por el ministro de Salud Jaime Ma\u00f1alich,\nla seremi de la Salud&nbsp; y el propio edil\nde Punta Arenas.<\/p>\n\n\n\n<p>A\njuicio del concejal-\u201cSer\u00eda importante que puedan explicar cu\u00e1les fueron las\nrazones de sustento cient\u00edfico- sanitario que justificar\u00edan esta medida. Considerando\nque en los \u00faltimos d\u00edas, cient\u00edficos de diversas \u00e1reas coinciden en que sin\ndatos y escenarios adecuados, el levantamiento de la cuarentena podr\u00eda derivar\nen un mayor aumento de personas contagiadas.<\/p>\n\n\n\n<p>Tambi\u00e9n\nse anunci\u00f3 que la primera semana de Abril eventualmente se producir\u00eda el peak\nde la pandemia en Chile,&nbsp; sumado a la\nmantenci\u00f3n de elevadas cifras de contagiados que registra nuestra regi\u00f3n.<\/p>\n\n\n\n<p>En\nla sesi\u00f3n de Concejo Municipal, el alcalde justific\u00f3 la medida en registros\ncl\u00ednicos, que hasta ahora se desconocen, Tambi\u00e9n en la mantenci\u00f3n de los\ncordones sanitarios y de un posible adelantamiento del toque de queda.<\/p>\n\n\n\n<p>Pero\nm\u00e1s all\u00e1 de eso, dijo el concejal \u201cyo espero que estas medidas sean coordinadas\ntomando en cuenta a los expertos de la comisi\u00f3n de Covid 19 que funciona en la\nregi\u00f3n, <\/p>\n\n\n\n<p>Para levantar la\ncuarentena, aunque sea de manera temporal, la Organizaci\u00f3n Mundial de la Salud\nrecomienda el dise\u00f1o de estrategias para la suspensi\u00f3n gradual y segura del\nconfinamiento y que haya suficientes servicios m\u00e9dicos y de salud p\u00fablica\ndisponibles,<\/p>\n\n\n\n<p>Al respecto, en lo local\nhay que considerar que de no ser por el traslado de pacientes cr\u00edticos a la\ncapital, nuestro Hospital Cl\u00ednico probablemente ya estar\u00eda colapsado. Por lo\nmismo, esperamos que producto de la cuarentena no se produzca un aumento de\ncontaminados.<\/p>\n\n\n\n<p>En esta tarea tambi\u00e9n es\nfundamental velar por el resguardo de los trabajadores de la Salud. Ya que\ncuando ellos est\u00e1n en riesgo, estamos todos en riesgo.<\/p>\n\n\n\n<p>Pero sobre todo apelar a\nla responsabilidad de las personas, extremando las conductas de autocuidado,\nevitando salir de sus hogares comprendiendo &nbsp;que hay personas que deben hacerlo para\ntrabajar y llevar el sustento a sus hogares.<\/p>\n","protected":false},"excerpt":{"rendered":"<p>\u201cAunque sea por pocos d\u00edas, levantar la cuarentena en la ciudad de Punta Arenas me parece una medida precipitada que podr\u00eda traer serios riesgos y donde se desconoce si hay&#8230; <a class=\"read-more\" href=\"https:\/\/www.radiopresidenteibanez.cl\/web\/concejal-aguilante-levantar-la-cuarentena-podria-ser-una-medida-apresurada-y-arriesgada-justo-en-el-peak-de-la-pandemia\/\">Leer m\u00e1s<\/a><\/p>\n","protected":false},"author":2,"featured_media":11708,"comment_status":"closed","ping_status":"closed","sticky":false,"template":"","format":"standard","meta":{"footnotes":""},"categories":[1],"tags":[],"class_list":["post-11707","post","type-post","status-publish","format-standard","has-post-thumbnail","hentry","category-cronica"],"_links":{"self":[{"href":"https:\/\/www.radiopresidenteibanez.cl\/web\/wp-json\/wp\/v2\/posts\/11707","targetHints":{"allow":["GET"]}}],"collection":[{"href":"https:\/\/www.radiopresidenteibanez.cl\/web\/wp-json\/wp\/v2\/posts"}],"about":[{"href":"https:\/\/www.radiopresidenteibanez.cl\/web\/wp-json\/wp\/v2\/types\/post"}],"author":[{"embeddable":true,"href":"https:\/\/www.radiopresidenteibanez.cl\/web\/wp-json\/wp\/v2\/users\/2"}],"replies":[{"embeddable":true,"href":"https:\/\/www.radiopresidenteibanez.cl\/web\/wp-json\/wp\/v2\/comments?post=11707"}],"version-history":[{"count":0,"href":"https:\/\/www.radiopresidenteibanez.cl\/web\/wp-json\/wp\/v2\/posts\/11707\/revisions"}],"wp:featuredmedia":[{"embeddable":true,"href":"https:\/\/www.radiopresidenteibanez.cl\/web\/wp-json\/wp\/v2\/media\/11708"}],"wp:attachment":[{"href":"https:\/\/www.radiopresidenteibanez.cl\/web\/wp-json\/wp\/v2\/media?parent=11707"}],"wp:term":[{"taxonomy":"category","embeddable":true,"href":"https:\/\/www.radiopresidenteibanez.cl\/web\/wp-json\/wp\/v2\/categories?post=11707"},{"taxonomy":"post_tag","embeddable":true,"href":"https:\/\/www.radiopresidenteibanez.cl\/web\/wp-json\/wp\/v2\/tags?post=11707"}],"curies":[{"name":"wp","href":"https:\/\/api.w.org\/{rel}","templated":true}]}}