{"id":11704,"date":"2020-05-07T13:59:17","date_gmt":"2020-05-07T13:59:17","guid":{"rendered":"https:\/\/www.radiopresidenteibanez.cl\/web\/?p=11704"},"modified":"2020-05-07T13:59:20","modified_gmt":"2020-05-07T13:59:20","slug":"ultimos-dias-para-participar-en-consulta-digital-del-agua","status":"publish","type":"post","link":"https:\/\/www.radiopresidenteibanez.cl\/web\/ultimos-dias-para-participar-en-consulta-digital-del-agua\/","title":{"rendered":"\u00daLTIMOS D\u00cdAS PARA PARTICIPAR EN CONSULTA DIGITAL DEL AGUA"},"content":{"rendered":"\n<p>Conocer la\nopini\u00f3n&nbsp; de las personas y recibir los\naportes que la sociedad realice para resolver los desaf\u00edos que se presentan en\nla gesti\u00f3n h\u00eddrica en un escenario de cambio clim\u00e1tico, es el objetivo de la\nConsulta Digital del Agua, que es la primera fase del proceso de participaci\u00f3n\nciudadana que propuso la Mesa Nacional del Agua en el Primer Informe, entregado\nal Presidente Sebasti\u00e1n Pi\u00f1era en febrero de este a\u00f1o.<\/p>\n\n\n\n<p>\u201cEl objetivo es que toda\nla ciudadan\u00eda pueda participar en esta primera Consulta Digital del Agua, que\nestar\u00e1 disponible hasta el domingo 10 de mayo\u201d, dijo el Seremi de Obras\nP\u00fablicas, Pablo Rendoll.<\/p>\n\n\n\n<p>Los interesados en\nparticipar deben&nbsp; hacerlo desde el sitio\nweb de la Consulta digital del agua (<a href=\"https:\/\/bit.ly\/34FqHAY\">https:\/\/bit.ly\/34FqHAY<\/a>) e&nbsp; ingresar su clave \u00fanica (<a href=\"https:\/\/claveunica.gob.cl\/\">https:\/\/claveunica.gob.cl\/<\/a>) o el RUT y una\ndeclaraci\u00f3n que indique que la informaci\u00f3n proporcionada es verdadera. <\/p>\n\n\n\n<p>La Mesa Nacional del\nAgua, que fue convocada por el Presidente Sebasti\u00e1n Pi\u00f1era con el objetivo de\nproponer un plan para hacer frente a la crisis h\u00eddrica, es encabezada por el\nMinistro de Obras P\u00fablicas, Alfredo Moreno, e integrada por 26 personas del\nsector p\u00fablico y privado. Cuenta con la participaci\u00f3n de los ministros Gonzalo\nBlumel (Interior),&nbsp; Antonio Walker (Agricultura),\nCarolina Schmidt (Medio Ambiente), Juan Carlos Jobet (Energ\u00eda) y&nbsp; Andr\u00e9s Couve (Ciencia). <\/p>\n\n\n\n<p>Una de las medidas propuestas en el\nPrimer Informe de la Mesa es realizar un proceso participativo a lo largo del\npa\u00eds, tanto a trav\u00e9s de mesas t\u00e9cnicas de car\u00e1cter p\u00fablico privadas como a\ntrav\u00e9s de instancias de participaci\u00f3n ciudadana que permitan discutir en torno\na los tres desaf\u00edos y sus respectivos ejes tem\u00e1ticos.<\/p>\n","protected":false},"excerpt":{"rendered":"<p>Conocer la opini\u00f3n&nbsp; de las personas y recibir los aportes que la sociedad realice para resolver los desaf\u00edos que se presentan en la gesti\u00f3n h\u00eddrica en un escenario de cambio&#8230; <a class=\"read-more\" href=\"https:\/\/www.radiopresidenteibanez.cl\/web\/ultimos-dias-para-participar-en-consulta-digital-del-agua\/\">Leer m\u00e1s<\/a><\/p>\n","protected":false},"author":2,"featured_media":11705,"comment_status":"closed","ping_status":"closed","sticky":false,"template":"","format":"standard","meta":{"footnotes":""},"categories":[1],"tags":[],"class_list":["post-11704","post","type-post","status-publish","format-standard","has-post-thumbnail","hentry","category-cronica"],"_links":{"self":[{"href":"https:\/\/www.radiopresidenteibanez.cl\/web\/wp-json\/wp\/v2\/posts\/11704","targetHints":{"allow":["GET"]}}],"collection":[{"href":"https:\/\/www.radiopresidenteibanez.cl\/web\/wp-json\/wp\/v2\/posts"}],"about":[{"href":"https:\/\/www.radiopresidenteibanez.cl\/web\/wp-json\/wp\/v2\/types\/post"}],"author":[{"embeddable":true,"href":"https:\/\/www.radiopresidenteibanez.cl\/web\/wp-json\/wp\/v2\/users\/2"}],"replies":[{"embeddable":true,"href":"https:\/\/www.radiopresidenteibanez.cl\/web\/wp-json\/wp\/v2\/comments?post=11704"}],"version-history":[{"count":0,"href":"https:\/\/www.radiopresidenteibanez.cl\/web\/wp-json\/wp\/v2\/posts\/11704\/revisions"}],"wp:featuredmedia":[{"embeddable":true,"href":"https:\/\/www.radiopresidenteibanez.cl\/web\/wp-json\/wp\/v2\/media\/11705"}],"wp:attachment":[{"href":"https:\/\/www.radiopresidenteibanez.cl\/web\/wp-json\/wp\/v2\/media?parent=11704"}],"wp:term":[{"taxonomy":"category","embeddable":true,"href":"https:\/\/www.radiopresidenteibanez.cl\/web\/wp-json\/wp\/v2\/categories?post=11704"},{"taxonomy":"post_tag","embeddable":true,"href":"https:\/\/www.radiopresidenteibanez.cl\/web\/wp-json\/wp\/v2\/tags?post=11704"}],"curies":[{"name":"wp","href":"https:\/\/api.w.org\/{rel}","templated":true}]}}