{"id":11701,"date":"2020-05-07T13:53:42","date_gmt":"2020-05-07T13:53:42","guid":{"rendered":"https:\/\/www.radiopresidenteibanez.cl\/web\/?p=11701"},"modified":"2020-05-07T13:53:45","modified_gmt":"2020-05-07T13:53:45","slug":"fiscalizaciones-y-detenidos-por-la-pdi-en-magallanes-durante-la-pandemia-del-covid-19","status":"publish","type":"post","link":"https:\/\/www.radiopresidenteibanez.cl\/web\/fiscalizaciones-y-detenidos-por-la-pdi-en-magallanes-durante-la-pandemia-del-covid-19\/","title":{"rendered":"FISCALIZACIONES Y DETENIDOS POR LA PDI EN MAGALLANES  DURANTE LA PANDEMIA DEL COVID-19"},"content":{"rendered":"\n<p>Ante la pandemia del Covid-19, que ya ha causado miles\nde contagios en el pa\u00eds y m\u00e1s de 200 fallecidos, la Polic\u00eda de Investigaciones\nde Chile ha realizado diversos controles y fiscalizaciones en la regi\u00f3n de\nMagallanes y la Ant\u00e1rtica Chilena, con el fin de verificar el cumplimiento de\nlas medidas sanitarias. <\/p>\n\n\n\n<p>Desde el 18 de marzo, los detectives desplegados a\nnivel regional han realizado cientos de fiscalizaciones en la v\u00eda p\u00fablica y\ndomicilios y hasta el 5 de mayo, 101 personas hab\u00edan resultado detenidas: 84 de\nellas por infringir el toque de queda y la cuarentena y 17 por diferentes delitos\ncomo infracci\u00f3n a la Ley de drogas; robo en lugar habitado, hurto y\nreceptaci\u00f3n; amenazas; lesiones en contexto de violencia intrafamiliar, entre\notros. <\/p>\n\n\n\n<p>\u201cEn medio de esta pandemia, no s\u00f3lo nos hemos dedicado\na la investigaci\u00f3n criminal de los delitos, sino que adem\u00e1s a realizar\ncontroles orientados a contribuir a la mantenci\u00f3n de las medidas de\nconfinamiento\u201d, se\u00f1al\u00f3 el prefecto inspector V\u00edctor Arriagada, jefe de la Regi\u00f3n\nPolicial de Magallanes y la Ant\u00e1rtica Chilena.<\/p>\n\n\n\n<p>Sumado a ello, la PDI colabora con las labores\ndeterminadas por el Jefe de la Defensa Nacional de Magallanes y mantiene\ndelegados permanentes en el puesto de operaciones, integra los comit\u00e9s\npoliciales y de emergencia y realiza servicios en coordinaci\u00f3n con la autoridad\nsanitaria.<\/p>\n\n\n\n<p>El prefecto inspector V\u00edctor Arriagada, manifest\u00f3 que \u201cdentro\nde las funciones asumidas en el marco de esta emergencia los detectives adem\u00e1s se\nhan desplegado para efectuar m\u00e1s de 700 fiscalizaciones de cumplimiento de\ncuarentena en domicilio, de casos positivos de Covid-19 y de contactos\nestrechos\u201d. <\/p>\n\n\n\n<p>Junto con ello, un grupo de oficiales especializados\nen el \u00e1rea de Migraciones y Polic\u00eda Internacional trabaja en forma mancomunada\ncon personal de salud y de otras instituciones en las aduanas y cordones\nsanitarios dispuestos en los pasos fronterizos, puertos y terminal a\u00e9reo, efectu\u00e1ndose,\npor ejemplo, en el aeropuerto Carlos Ib\u00e1\u00f1ez del Campo m\u00e1s de 4 mil controles en\nel marco del Covid-19. <\/p>\n\n\n\n<p>El jefe de la Regi\u00f3n Policial se\u00f1al\u00f3 que continuar\u00e1n\nrealizando controles, adem\u00e1s de desarrollar labores investigativas, e hizo un\nllamado a los magall\u00e1nicos y a quienes viven en esta regi\u00f3n, a respetar las\nmedidas sanitarias y de confinamiento, que tienen como fin enfrentar la\npandemia y proteger la salud de la comunidad.<\/p>\n","protected":false},"excerpt":{"rendered":"<p>Ante la pandemia del Covid-19, que ya ha causado miles de contagios en el pa\u00eds y m\u00e1s de 200 fallecidos, la Polic\u00eda de Investigaciones de Chile ha realizado diversos controles&#8230; <a class=\"read-more\" href=\"https:\/\/www.radiopresidenteibanez.cl\/web\/fiscalizaciones-y-detenidos-por-la-pdi-en-magallanes-durante-la-pandemia-del-covid-19\/\">Leer m\u00e1s<\/a><\/p>\n","protected":false},"author":2,"featured_media":11702,"comment_status":"closed","ping_status":"closed","sticky":false,"template":"","format":"standard","meta":{"footnotes":""},"categories":[1],"tags":[],"class_list":["post-11701","post","type-post","status-publish","format-standard","has-post-thumbnail","hentry","category-cronica"],"_links":{"self":[{"href":"https:\/\/www.radiopresidenteibanez.cl\/web\/wp-json\/wp\/v2\/posts\/11701","targetHints":{"allow":["GET"]}}],"collection":[{"href":"https:\/\/www.radiopresidenteibanez.cl\/web\/wp-json\/wp\/v2\/posts"}],"about":[{"href":"https:\/\/www.radiopresidenteibanez.cl\/web\/wp-json\/wp\/v2\/types\/post"}],"author":[{"embeddable":true,"href":"https:\/\/www.radiopresidenteibanez.cl\/web\/wp-json\/wp\/v2\/users\/2"}],"replies":[{"embeddable":true,"href":"https:\/\/www.radiopresidenteibanez.cl\/web\/wp-json\/wp\/v2\/comments?post=11701"}],"version-history":[{"count":0,"href":"https:\/\/www.radiopresidenteibanez.cl\/web\/wp-json\/wp\/v2\/posts\/11701\/revisions"}],"wp:featuredmedia":[{"embeddable":true,"href":"https:\/\/www.radiopresidenteibanez.cl\/web\/wp-json\/wp\/v2\/media\/11702"}],"wp:attachment":[{"href":"https:\/\/www.radiopresidenteibanez.cl\/web\/wp-json\/wp\/v2\/media?parent=11701"}],"wp:term":[{"taxonomy":"category","embeddable":true,"href":"https:\/\/www.radiopresidenteibanez.cl\/web\/wp-json\/wp\/v2\/categories?post=11701"},{"taxonomy":"post_tag","embeddable":true,"href":"https:\/\/www.radiopresidenteibanez.cl\/web\/wp-json\/wp\/v2\/tags?post=11701"}],"curies":[{"name":"wp","href":"https:\/\/api.w.org\/{rel}","templated":true}]}}