{"id":117,"date":"2018-12-26T22:21:57","date_gmt":"2018-12-26T22:21:57","guid":{"rendered":"http:\/\/www.radiopresidenteibanez.cl\/web\/?p=117"},"modified":"2018-12-26T22:22:19","modified_gmt":"2018-12-26T22:22:19","slug":"ano-nuevo-tendra-fuegos-artificiales-que-seran-financiados-por-la-empresa-aguas-magallanes","status":"publish","type":"post","link":"https:\/\/www.radiopresidenteibanez.cl\/web\/ano-nuevo-tendra-fuegos-artificiales-que-seran-financiados-por-la-empresa-aguas-magallanes\/","title":{"rendered":"A\u00d1O NUEVO TENDR\u00c1 FUEGOS ARTIFICIALES QUE SER\u00c1N FINANCIADOS POR LA EMPRESA AGUAS MAGALLANES"},"content":{"rendered":"\n<p>En horas de esta ma\u00f1ana, el Alcalde junto al Gerente de Aguas Magallanes, dieron a conocer que este a\u00f1o nuevo Punta Arenas contar\u00e1 con fuegos artificiales que ser\u00e1n financiados por la empresa antes mencionada.<\/p>\n","protected":false},"excerpt":{"rendered":"<p>En horas de esta ma\u00f1ana, el Alcalde junto al Gerente de Aguas Magallanes, dieron a conocer que este a\u00f1o nuevo Punta Arenas contar\u00e1 con fuegos artificiales que ser\u00e1n financiados por&#8230; <a class=\"read-more\" href=\"https:\/\/www.radiopresidenteibanez.cl\/web\/ano-nuevo-tendra-fuegos-artificiales-que-seran-financiados-por-la-empresa-aguas-magallanes\/\">Leer m\u00e1s<\/a><\/p>\n","protected":false},"author":2,"featured_media":118,"comment_status":"closed","ping_status":"closed","sticky":false,"template":"","format":"standard","meta":{"footnotes":""},"categories":[1],"tags":[],"class_list":["post-117","post","type-post","status-publish","format-standard","has-post-thumbnail","hentry","category-cronica"],"_links":{"self":[{"href":"https:\/\/www.radiopresidenteibanez.cl\/web\/wp-json\/wp\/v2\/posts\/117","targetHints":{"allow":["GET"]}}],"collection":[{"href":"https:\/\/www.radiopresidenteibanez.cl\/web\/wp-json\/wp\/v2\/posts"}],"about":[{"href":"https:\/\/www.radiopresidenteibanez.cl\/web\/wp-json\/wp\/v2\/types\/post"}],"author":[{"embeddable":true,"href":"https:\/\/www.radiopresidenteibanez.cl\/web\/wp-json\/wp\/v2\/users\/2"}],"replies":[{"embeddable":true,"href":"https:\/\/www.radiopresidenteibanez.cl\/web\/wp-json\/wp\/v2\/comments?post=117"}],"version-history":[{"count":0,"href":"https:\/\/www.radiopresidenteibanez.cl\/web\/wp-json\/wp\/v2\/posts\/117\/revisions"}],"wp:featuredmedia":[{"embeddable":true,"href":"https:\/\/www.radiopresidenteibanez.cl\/web\/wp-json\/wp\/v2\/media\/118"}],"wp:attachment":[{"href":"https:\/\/www.radiopresidenteibanez.cl\/web\/wp-json\/wp\/v2\/media?parent=117"}],"wp:term":[{"taxonomy":"category","embeddable":true,"href":"https:\/\/www.radiopresidenteibanez.cl\/web\/wp-json\/wp\/v2\/categories?post=117"},{"taxonomy":"post_tag","embeddable":true,"href":"https:\/\/www.radiopresidenteibanez.cl\/web\/wp-json\/wp\/v2\/tags?post=117"}],"curies":[{"name":"wp","href":"https:\/\/api.w.org\/{rel}","templated":true}]}}