{"id":11698,"date":"2020-05-07T13:49:17","date_gmt":"2020-05-07T13:49:17","guid":{"rendered":"https:\/\/www.radiopresidenteibanez.cl\/web\/?p=11698"},"modified":"2020-05-07T13:49:20","modified_gmt":"2020-05-07T13:49:20","slug":"fundaciones-y-corporaciones-de-magallanes-podran-postular-al-fondo-chile-compromiso-de-todos-2020","status":"publish","type":"post","link":"https:\/\/www.radiopresidenteibanez.cl\/web\/fundaciones-y-corporaciones-de-magallanes-podran-postular-al-fondo-chile-compromiso-de-todos-2020\/","title":{"rendered":"FUNDACIONES Y CORPORACIONES DE MAGALLANES PODR\u00c1N POSTULAR AL FONDO CHILE COMPROMISO DE TODOS 2020"},"content":{"rendered":"\n<p>El ministerio de\nDesarrollo Social y Familia inform\u00f3 que debido a la grave crisis sanitaria\nproducto del Coronavirus, se decidi\u00f3 adelantar la fecha del lanzamiento de este\nfondo, el cual estaba programado para el mes de junio de este a\u00f1o, en sus tres\nl\u00edneas de acci\u00f3n. <\/p>\n\n\n\n<p>Por lo tanto, se\ndetermin\u00f3 que el fondo Chile Compromiso de Todos en su versi\u00f3n 2020 modificar\u00e1\nsu calendarizaci\u00f3n en lo que respecta a su l\u00ednea de acci\u00f3n relacionada con\nfundaciones y corporaciones sin fines de lucro, las cuales podr\u00e1n postular\nhasta el 14 de mayo de este a\u00f1o. Esta iniciativa busca fomentar proyectos\nrelacionados con esta contingencia y que tengan como objetivo la entrega de\nbienes y servicios durante este periodo a personas o grupos vulnerables.<\/p>\n\n\n\n<p>El adelantamiento de esta\nl\u00ednea considerar\u00e1 recursos por $800 millones y cada proyecto en particular\npodr\u00e1 recibir un m\u00e1ximo $20 millones de pesos. Con esto se busca realizar las\nprimeras transferencias en la segunda quincena del mes de junio, llegando a las\npersonas o grupos vulnerables en el menor tiempo posible.<\/p>\n\n\n\n<p>La Seremi de Desarrollo\nSocial y Familia de la regi\u00f3n de Magallanes, Liz Casanueva, destac\u00f3 el\nlanzamiento de esta iniciativa se\u00f1alando que \u201cel sentido de urgencia es el\nmotor de nuestro trabajo en el Ministerio de Desarrollo Social y Familia, por\neso hemos decidido adelantar la fecha de postulaci\u00f3n para el fondo Chile\nCompromiso de Todos 2020 a fin de que las fundaciones y corporaciones sin fines\nde lucro de Magallanes puedan presentar sus proyectos.&nbsp; Estos proyectos deben ser innovadores y deben\nestar comprometidos con la superaci\u00f3n de la pobreza y vulnerabilidades\nsociales, por supuesto, dentro del contexto de la crisis sanitaria que estamos\nviviendo.&nbsp; El fondo Chile Compromiso de\nTodos 2020 es una muestra concreta de la confianza que pone el Gobierno en la\neficiencia, gesti\u00f3n y empat\u00eda de nuestra sociedad civil con los problemas de\nlas familias m\u00e1s vulnerables y es una se\u00f1al muy clara en el sentido de que de\nesta pandemia salimos todos juntos: Estado, sociedad civil y mundo privado\u201d.<\/p>\n\n\n\n<p>Las postulaciones a la\nl\u00ednea de Fundaciones y Corporaciones se realizar\u00e1n de manera remota a trav\u00e9s\ndel sitio web www.sociedadcivilmds.cl y se podr\u00e1n realizar hasta el 14 de mayo\nde este a\u00f1o.<\/p>\n\n\n\n<p><strong>Objetivo General Fondo Chile Compromiso de Todos<\/strong><\/p>\n\n\n\n<p>Podr\u00e1n postular a la\nl\u00ednea de Fundaciones y Corporaciones proyectos que respondan a problem\u00e1ticas\nsurgidas o amplificadas por la contingencia sanitaria y que entre sus objetivos\npropongan acciones en las siguientes l\u00edneas:<\/p>\n\n\n\n<p>1. Proyectos para la\nsuperaci\u00f3n de la pobreza enfocados a personas o grupos vulnerables afectados\npor la contingencia sanitaria, que consistan en la implementaci\u00f3n de mejoras o\nreformulaci\u00f3n de procesos en estos proyectos, de tal manera de poder asegurar\nla continuidad de los proyectos que van en ayuda de dichas poblaciones.<\/p>\n\n\n\n<p>Por ejemplo, fortalecer\ncon equipamiento o capacidades necesarias para desarrollar labores de manera\nremota en diversas localidades (instrumentos tecnol\u00f3gicos, plataformas,\nindumentaria acorde a los procesos, entre otros), que permitan entregar una\natenci\u00f3n oportuna y pertinente a la poblaci\u00f3n en pobreza\/vulnerabilidad m\u00e1s\nafectada por la emergencia sanitaria, entre otros.<\/p>\n\n\n\n<p>2. Proyectos para la\nsuperaci\u00f3n de la pobreza, enfocados a personas o grupos vulnerables que hayan\nsido afectados por la contingencia sanitaria, que tengan dentro de sus\nobjetivos el apoyo a la superaci\u00f3n de su vulnerabilidad, y\/o la entrega de\nservicios o productos directos a personas o grupos vulnerables.<\/p>\n\n\n\n<p>Como, por ejemplo,\nproyectos que permitan facilitar la generaci\u00f3n de ingresos a las personas que\nno los est\u00e1n percibiendo o enfocados en la entrega de art\u00edculos de primera\nnecesidad para familias en situaci\u00f3n de pobreza, que se ven afectados por la\nfalta de empleo, cesant\u00eda o imposibilidad de desarrollo de actividades de\nsubsistencia (ejemplo, alimentaci\u00f3n, medicamentos, abrigo), entre otros.<\/p>\n\n\n\n<p>Durante la ejecuci\u00f3n de\nlos proyectos se respetar\u00e1n todas las instrucciones, recomendaciones y\norientaciones sanitarias establecidas por el Ministerio de Salud, o la\nautoridad competente con ocasi\u00f3n de la emergencia sanitaria.<\/p>\n","protected":false},"excerpt":{"rendered":"<p>El ministerio de Desarrollo Social y Familia inform\u00f3 que debido a la grave crisis sanitaria producto del Coronavirus, se decidi\u00f3 adelantar la fecha del lanzamiento de este fondo, el cual&#8230; <a class=\"read-more\" href=\"https:\/\/www.radiopresidenteibanez.cl\/web\/fundaciones-y-corporaciones-de-magallanes-podran-postular-al-fondo-chile-compromiso-de-todos-2020\/\">Leer m\u00e1s<\/a><\/p>\n","protected":false},"author":2,"featured_media":11699,"comment_status":"closed","ping_status":"closed","sticky":false,"template":"","format":"standard","meta":{"footnotes":""},"categories":[1],"tags":[],"class_list":["post-11698","post","type-post","status-publish","format-standard","has-post-thumbnail","hentry","category-cronica"],"_links":{"self":[{"href":"https:\/\/www.radiopresidenteibanez.cl\/web\/wp-json\/wp\/v2\/posts\/11698","targetHints":{"allow":["GET"]}}],"collection":[{"href":"https:\/\/www.radiopresidenteibanez.cl\/web\/wp-json\/wp\/v2\/posts"}],"about":[{"href":"https:\/\/www.radiopresidenteibanez.cl\/web\/wp-json\/wp\/v2\/types\/post"}],"author":[{"embeddable":true,"href":"https:\/\/www.radiopresidenteibanez.cl\/web\/wp-json\/wp\/v2\/users\/2"}],"replies":[{"embeddable":true,"href":"https:\/\/www.radiopresidenteibanez.cl\/web\/wp-json\/wp\/v2\/comments?post=11698"}],"version-history":[{"count":0,"href":"https:\/\/www.radiopresidenteibanez.cl\/web\/wp-json\/wp\/v2\/posts\/11698\/revisions"}],"wp:featuredmedia":[{"embeddable":true,"href":"https:\/\/www.radiopresidenteibanez.cl\/web\/wp-json\/wp\/v2\/media\/11699"}],"wp:attachment":[{"href":"https:\/\/www.radiopresidenteibanez.cl\/web\/wp-json\/wp\/v2\/media?parent=11698"}],"wp:term":[{"taxonomy":"category","embeddable":true,"href":"https:\/\/www.radiopresidenteibanez.cl\/web\/wp-json\/wp\/v2\/categories?post=11698"},{"taxonomy":"post_tag","embeddable":true,"href":"https:\/\/www.radiopresidenteibanez.cl\/web\/wp-json\/wp\/v2\/tags?post=11698"}],"curies":[{"name":"wp","href":"https:\/\/api.w.org\/{rel}","templated":true}]}}