{"id":11695,"date":"2020-05-07T13:37:54","date_gmt":"2020-05-07T13:37:54","guid":{"rendered":"https:\/\/www.radiopresidenteibanez.cl\/web\/?p=11695"},"modified":"2020-05-07T13:37:58","modified_gmt":"2020-05-07T13:37:58","slug":"minvu-invita-a-evaluar-diseno-de-cuarta-etapa-de-la-costanera-de-porvenir-con-encuesta-online","status":"publish","type":"post","link":"https:\/\/www.radiopresidenteibanez.cl\/web\/minvu-invita-a-evaluar-diseno-de-cuarta-etapa-de-la-costanera-de-porvenir-con-encuesta-online\/","title":{"rendered":"MINVU INVITA A EVALUAR DISE\u00d1O DE CUARTA ETAPA DE LA COSTANERA DE PORVENIR CON ENCUESTA ONLINE"},"content":{"rendered":"\n<p>Hasta el 14 de mayo estar\u00e1 disponible la encuesta de evaluaci\u00f3n sobre el dise\u00f1o participativo de la Construcci\u00f3n de la Cuarta Etapa de la Costanera de Porvenir. Para completar el formulario se puede acceder desde el sitio web de la Municipalidad de Porvenir&nbsp;<a href=\"http:\/\/www.muniporvenir.cl\/\" target=\"_blank\" rel=\"noreferrer noopener\">www.muniporvenir.cl<\/a>, el Facebook Serviu Magallanes o directamente desde el link&nbsp;<a href=\"https:\/\/forms.gle\/SaBfUVM9pJ59Z4op8\" target=\"_blank\" rel=\"noreferrer noopener\">https:\/\/forms.gle\/SaBfUVM9pJ59Z4op8<\/a><\/p>\n\n\n\n<p>Respecto a esta instancia, el director regional del Serviu, Dubalio P\u00e9rez Ruiz, se\u00f1al\u00f3 \u201cEl Ministro Cristian Monckeberg nos ha encomendado continuar impulsando los proyectos que mejorar\u00e1n la vida de los habitantes de nuestra Regi\u00f3n. Por eso, en el contexto de esta contingencia sanitaria, hemos habilitado una encuesta digital que permitir\u00e1 a los vecinos y vecinas de Porvenir, conocer y evaluar la propuesta de dise\u00f1o de su Costanera, elaborada a partir de las opiniones recogidas en la etapa anterior\u201d.<\/p>\n\n\n\n<p>El \u00e1rea de intervenci\u00f3n del proyecto, abarca dos tramos de la Costanera. El tramo 1 comprende el mejoramiento del espacio p\u00fablico existente en Avenida Manuel Se\u00f1oret, entre las calles Bernardo Phillipi y Santos Mardones. El tramo 2 consiste en el dise\u00f1o del sector ubicado en Avenida Santa Mar\u00eda, desde la multicancha, frente a la Poblaci\u00f3n Pedro Aguirre Cerda, hasta la altura del Estadio Municipal.<\/p>\n\n\n\n<p>La primera fase de participaci\u00f3n ciudadana se desarroll\u00f3 en diciembre del a\u00f1o pasado. Dicha etapa consider\u00f3 un taller con estudiantes de la escuela Bernardo O\u2019Higgins, una jornada de participaci\u00f3n general con un recorrido in situ por el \u00e1rea de intervenci\u00f3n y un taller dirigido al p\u00fablico juvenil. A partir de dichos encuentros, se identificaron los usos actuales de este espacio p\u00fablico, los elementos culturales a destacar y el equipamiento necesario para la convivencia equitativa de diferentes grupos de personas, entre otros aspectos.<\/p>\n\n\n\n<p>Algunos aportes que destacan en la propuesta de dise\u00f1o son la implementaci\u00f3n de senderos con accesibilidad universal en toda la extensi\u00f3n del proyecto; mejoramiento del Parque del Oso con un muro de escalada, juegos infantiles y elementos de seguridad; paisajismo sustentable que incorpore especies existentes y nativas; zona para la pr\u00e1ctica de actividad f\u00edsica; e instalaci\u00f3n de iluminaci\u00f3n y mobiliario urbano que inviten al descanso y la contemplaci\u00f3n de la avifauna y el paisaje fueguino.<\/p>\n","protected":false},"excerpt":{"rendered":"<p>Hasta el 14 de mayo estar\u00e1 disponible la encuesta de evaluaci\u00f3n sobre el dise\u00f1o participativo de la Construcci\u00f3n de la Cuarta Etapa de la Costanera de Porvenir. Para completar el&#8230; <a class=\"read-more\" href=\"https:\/\/www.radiopresidenteibanez.cl\/web\/minvu-invita-a-evaluar-diseno-de-cuarta-etapa-de-la-costanera-de-porvenir-con-encuesta-online\/\">Leer m\u00e1s<\/a><\/p>\n","protected":false},"author":2,"featured_media":11696,"comment_status":"closed","ping_status":"closed","sticky":false,"template":"","format":"standard","meta":{"footnotes":""},"categories":[1],"tags":[],"class_list":["post-11695","post","type-post","status-publish","format-standard","has-post-thumbnail","hentry","category-cronica"],"_links":{"self":[{"href":"https:\/\/www.radiopresidenteibanez.cl\/web\/wp-json\/wp\/v2\/posts\/11695","targetHints":{"allow":["GET"]}}],"collection":[{"href":"https:\/\/www.radiopresidenteibanez.cl\/web\/wp-json\/wp\/v2\/posts"}],"about":[{"href":"https:\/\/www.radiopresidenteibanez.cl\/web\/wp-json\/wp\/v2\/types\/post"}],"author":[{"embeddable":true,"href":"https:\/\/www.radiopresidenteibanez.cl\/web\/wp-json\/wp\/v2\/users\/2"}],"replies":[{"embeddable":true,"href":"https:\/\/www.radiopresidenteibanez.cl\/web\/wp-json\/wp\/v2\/comments?post=11695"}],"version-history":[{"count":0,"href":"https:\/\/www.radiopresidenteibanez.cl\/web\/wp-json\/wp\/v2\/posts\/11695\/revisions"}],"wp:featuredmedia":[{"embeddable":true,"href":"https:\/\/www.radiopresidenteibanez.cl\/web\/wp-json\/wp\/v2\/media\/11696"}],"wp:attachment":[{"href":"https:\/\/www.radiopresidenteibanez.cl\/web\/wp-json\/wp\/v2\/media?parent=11695"}],"wp:term":[{"taxonomy":"category","embeddable":true,"href":"https:\/\/www.radiopresidenteibanez.cl\/web\/wp-json\/wp\/v2\/categories?post=11695"},{"taxonomy":"post_tag","embeddable":true,"href":"https:\/\/www.radiopresidenteibanez.cl\/web\/wp-json\/wp\/v2\/tags?post=11695"}],"curies":[{"name":"wp","href":"https:\/\/api.w.org\/{rel}","templated":true}]}}