{"id":11691,"date":"2020-05-06T17:51:15","date_gmt":"2020-05-06T17:51:15","guid":{"rendered":"https:\/\/www.radiopresidenteibanez.cl\/web\/?p=11691"},"modified":"2020-05-06T17:51:20","modified_gmt":"2020-05-06T17:51:20","slug":"ministro-manalich-anuncio-el-levantamiento-de-la-cuarentena-en-punta-arenas","status":"publish","type":"post","link":"https:\/\/www.radiopresidenteibanez.cl\/web\/ministro-manalich-anuncio-el-levantamiento-de-la-cuarentena-en-punta-arenas\/","title":{"rendered":"MINISTRO MA\u00d1ALICH ANUNCI\u00d3 EL LEVANTAMIENTO DE LA CUARENTENA EN PUNTA ARENAS"},"content":{"rendered":"\n<p>Pasado el mediod\u00eda el ministro de Salud, Jaime Ma\u00f1alich, anunci\u00f3 las nuevas medidas que se regir\u00e1n desde este jueves a partir de las 22 horas, una de ellas ser\u00e1 el levantamiento de la cuarentena en la ciudad de Punta Arenas, solo ser\u00e1 rigiendo el toque de queda, y los cordones sanitarios.<\/p>\n","protected":false},"excerpt":{"rendered":"<p>Pasado el mediod\u00eda el ministro de Salud, Jaime Ma\u00f1alich, anunci\u00f3 las nuevas medidas que se regir\u00e1n desde este jueves a partir de las 22 horas, una de ellas ser\u00e1 el&#8230; <a class=\"read-more\" href=\"https:\/\/www.radiopresidenteibanez.cl\/web\/ministro-manalich-anuncio-el-levantamiento-de-la-cuarentena-en-punta-arenas\/\">Leer m\u00e1s<\/a><\/p>\n","protected":false},"author":2,"featured_media":11394,"comment_status":"closed","ping_status":"closed","sticky":false,"template":"","format":"standard","meta":{"footnotes":""},"categories":[1],"tags":[],"class_list":["post-11691","post","type-post","status-publish","format-standard","has-post-thumbnail","hentry","category-cronica"],"_links":{"self":[{"href":"https:\/\/www.radiopresidenteibanez.cl\/web\/wp-json\/wp\/v2\/posts\/11691","targetHints":{"allow":["GET"]}}],"collection":[{"href":"https:\/\/www.radiopresidenteibanez.cl\/web\/wp-json\/wp\/v2\/posts"}],"about":[{"href":"https:\/\/www.radiopresidenteibanez.cl\/web\/wp-json\/wp\/v2\/types\/post"}],"author":[{"embeddable":true,"href":"https:\/\/www.radiopresidenteibanez.cl\/web\/wp-json\/wp\/v2\/users\/2"}],"replies":[{"embeddable":true,"href":"https:\/\/www.radiopresidenteibanez.cl\/web\/wp-json\/wp\/v2\/comments?post=11691"}],"version-history":[{"count":0,"href":"https:\/\/www.radiopresidenteibanez.cl\/web\/wp-json\/wp\/v2\/posts\/11691\/revisions"}],"wp:featuredmedia":[{"embeddable":true,"href":"https:\/\/www.radiopresidenteibanez.cl\/web\/wp-json\/wp\/v2\/media\/11394"}],"wp:attachment":[{"href":"https:\/\/www.radiopresidenteibanez.cl\/web\/wp-json\/wp\/v2\/media?parent=11691"}],"wp:term":[{"taxonomy":"category","embeddable":true,"href":"https:\/\/www.radiopresidenteibanez.cl\/web\/wp-json\/wp\/v2\/categories?post=11691"},{"taxonomy":"post_tag","embeddable":true,"href":"https:\/\/www.radiopresidenteibanez.cl\/web\/wp-json\/wp\/v2\/tags?post=11691"}],"curies":[{"name":"wp","href":"https:\/\/api.w.org\/{rel}","templated":true}]}}