{"id":11688,"date":"2020-05-06T14:54:50","date_gmt":"2020-05-06T14:54:50","guid":{"rendered":"https:\/\/www.radiopresidenteibanez.cl\/web\/?p=11688"},"modified":"2020-05-06T14:54:54","modified_gmt":"2020-05-06T14:54:54","slug":"con-fuerte-resguardo-policial-gremios-de-colectiveros-hicieron-entrega-de-carta-con-petitorio-al-intendente-jose-fernandez","status":"publish","type":"post","link":"https:\/\/www.radiopresidenteibanez.cl\/web\/con-fuerte-resguardo-policial-gremios-de-colectiveros-hicieron-entrega-de-carta-con-petitorio-al-intendente-jose-fernandez\/","title":{"rendered":"CON FUERTE RESGUARDO POLICIAL, GREMIOS DE COLECTIVEROS HICIERON ENTREGA DE CARTA CON PETITORIO AL INTENDENTE JOS\u00c9 FERN\u00c1NDEZ"},"content":{"rendered":"\n<p>Con fuerte resguardo policial, gremios de taxis colectivos lograron realizar esta movilizaci\u00f3n de car\u00e1cter nacional que fuera convocada para hoy, en la ocasi\u00f3n se trasladaron de distintos puntos de la ciudad para llegar hasta la intendencia regional de Magallanes, en donde le hicieron entrega de una carta con distintos petitorios al intendente Jos\u00e9 Fern\u00e1ndez y el seremi de Transporte y Telecomunicaciones, Marco Mella.<\/p>\n","protected":false},"excerpt":{"rendered":"<p>Con fuerte resguardo policial, gremios de taxis colectivos lograron realizar esta movilizaci\u00f3n de car\u00e1cter nacional que fuera convocada para hoy, en la ocasi\u00f3n se trasladaron de distintos puntos de la&#8230; <a class=\"read-more\" href=\"https:\/\/www.radiopresidenteibanez.cl\/web\/con-fuerte-resguardo-policial-gremios-de-colectiveros-hicieron-entrega-de-carta-con-petitorio-al-intendente-jose-fernandez\/\">Leer m\u00e1s<\/a><\/p>\n","protected":false},"author":2,"featured_media":11689,"comment_status":"closed","ping_status":"closed","sticky":false,"template":"","format":"standard","meta":{"footnotes":""},"categories":[1],"tags":[],"class_list":["post-11688","post","type-post","status-publish","format-standard","has-post-thumbnail","hentry","category-cronica"],"_links":{"self":[{"href":"https:\/\/www.radiopresidenteibanez.cl\/web\/wp-json\/wp\/v2\/posts\/11688","targetHints":{"allow":["GET"]}}],"collection":[{"href":"https:\/\/www.radiopresidenteibanez.cl\/web\/wp-json\/wp\/v2\/posts"}],"about":[{"href":"https:\/\/www.radiopresidenteibanez.cl\/web\/wp-json\/wp\/v2\/types\/post"}],"author":[{"embeddable":true,"href":"https:\/\/www.radiopresidenteibanez.cl\/web\/wp-json\/wp\/v2\/users\/2"}],"replies":[{"embeddable":true,"href":"https:\/\/www.radiopresidenteibanez.cl\/web\/wp-json\/wp\/v2\/comments?post=11688"}],"version-history":[{"count":0,"href":"https:\/\/www.radiopresidenteibanez.cl\/web\/wp-json\/wp\/v2\/posts\/11688\/revisions"}],"wp:featuredmedia":[{"embeddable":true,"href":"https:\/\/www.radiopresidenteibanez.cl\/web\/wp-json\/wp\/v2\/media\/11689"}],"wp:attachment":[{"href":"https:\/\/www.radiopresidenteibanez.cl\/web\/wp-json\/wp\/v2\/media?parent=11688"}],"wp:term":[{"taxonomy":"category","embeddable":true,"href":"https:\/\/www.radiopresidenteibanez.cl\/web\/wp-json\/wp\/v2\/categories?post=11688"},{"taxonomy":"post_tag","embeddable":true,"href":"https:\/\/www.radiopresidenteibanez.cl\/web\/wp-json\/wp\/v2\/tags?post=11688"}],"curies":[{"name":"wp","href":"https:\/\/api.w.org\/{rel}","templated":true}]}}