{"id":11684,"date":"2020-05-06T14:45:10","date_gmt":"2020-05-06T14:45:10","guid":{"rendered":"https:\/\/www.radiopresidenteibanez.cl\/web\/?p=11684"},"modified":"2020-05-06T14:46:08","modified_gmt":"2020-05-06T14:46:08","slug":"ex-alcaldesa-de-olmue-macarena-santelices-es-la-nueva-ministra-de-la-mujer","status":"publish","type":"post","link":"https:\/\/www.radiopresidenteibanez.cl\/web\/ex-alcaldesa-de-olmue-macarena-santelices-es-la-nueva-ministra-de-la-mujer\/","title":{"rendered":"EX ALCALDESA DE OLMU\u00c9 MACARENA SANTELICES ES LA NUEVA MINISTRA DE LA MUJER"},"content":{"rendered":"\n<p>En horas de la ma\u00f1ana de este mi\u00e9rcoles, el presidente de la rep\u00fablica, Sebasti\u00e1n Pi\u00f1era, nombr\u00f3 a la nueva ministra de la mujer, la periodista, milintante de la UDI,  ex alcaldesa y concejala de Olmu\u00e9, Macarena Santelices, y sobrina nieta de Pinochet.<\/p>\n\n\n\n<p>Cabe mencionar que el cargo estuvo con subrogancia luego de la renuncia de Isabel Pl\u00e1, hace casi 60 d\u00edas.<\/p>\n","protected":false},"excerpt":{"rendered":"<p>En horas de la ma\u00f1ana de este mi\u00e9rcoles, el presidente de la rep\u00fablica, Sebasti\u00e1n Pi\u00f1era, nombr\u00f3 a la nueva ministra de la mujer, la periodista, milintante de la UDI, ex&#8230; <a class=\"read-more\" href=\"https:\/\/www.radiopresidenteibanez.cl\/web\/ex-alcaldesa-de-olmue-macarena-santelices-es-la-nueva-ministra-de-la-mujer\/\">Leer m\u00e1s<\/a><\/p>\n","protected":false},"author":2,"featured_media":11685,"comment_status":"closed","ping_status":"closed","sticky":false,"template":"","format":"standard","meta":{"footnotes":""},"categories":[1],"tags":[],"class_list":["post-11684","post","type-post","status-publish","format-standard","has-post-thumbnail","hentry","category-cronica"],"_links":{"self":[{"href":"https:\/\/www.radiopresidenteibanez.cl\/web\/wp-json\/wp\/v2\/posts\/11684","targetHints":{"allow":["GET"]}}],"collection":[{"href":"https:\/\/www.radiopresidenteibanez.cl\/web\/wp-json\/wp\/v2\/posts"}],"about":[{"href":"https:\/\/www.radiopresidenteibanez.cl\/web\/wp-json\/wp\/v2\/types\/post"}],"author":[{"embeddable":true,"href":"https:\/\/www.radiopresidenteibanez.cl\/web\/wp-json\/wp\/v2\/users\/2"}],"replies":[{"embeddable":true,"href":"https:\/\/www.radiopresidenteibanez.cl\/web\/wp-json\/wp\/v2\/comments?post=11684"}],"version-history":[{"count":0,"href":"https:\/\/www.radiopresidenteibanez.cl\/web\/wp-json\/wp\/v2\/posts\/11684\/revisions"}],"wp:featuredmedia":[{"embeddable":true,"href":"https:\/\/www.radiopresidenteibanez.cl\/web\/wp-json\/wp\/v2\/media\/11685"}],"wp:attachment":[{"href":"https:\/\/www.radiopresidenteibanez.cl\/web\/wp-json\/wp\/v2\/media?parent=11684"}],"wp:term":[{"taxonomy":"category","embeddable":true,"href":"https:\/\/www.radiopresidenteibanez.cl\/web\/wp-json\/wp\/v2\/categories?post=11684"},{"taxonomy":"post_tag","embeddable":true,"href":"https:\/\/www.radiopresidenteibanez.cl\/web\/wp-json\/wp\/v2\/tags?post=11684"}],"curies":[{"name":"wp","href":"https:\/\/api.w.org\/{rel}","templated":true}]}}