{"id":11681,"date":"2020-05-06T13:30:43","date_gmt":"2020-05-06T13:30:43","guid":{"rendered":"https:\/\/www.radiopresidenteibanez.cl\/web\/?p=11681"},"modified":"2020-05-06T13:30:47","modified_gmt":"2020-05-06T13:30:47","slug":"gobernador-provincial-visito-puntos-de-barrera-sanitaria-de-punta-arenas","status":"publish","type":"post","link":"https:\/\/www.radiopresidenteibanez.cl\/web\/gobernador-provincial-visito-puntos-de-barrera-sanitaria-de-punta-arenas\/","title":{"rendered":"GOBERNADOR PROVINCIAL VISIT\u00d3 PUNTOS DE BARRERA SANITARIA DE PUNTA ARENAS"},"content":{"rendered":"\n<p>Con el objeto de constatar in situ c\u00f3mo est\u00e1n\noperando las barreras sanitarias de Kon Aiken y Aeropuerto y puntos de control\nde Tres Puentes y Zona Franca, el gobernador provincial de Magallanes Homero\nVillegas N\u00fa\u00f1ez, realiz\u00f3 ayer un recorrido por los diferentes puntos definidos\ncomo parte de la barrera de protecci\u00f3n en Punta Arenas.<\/p>\n\n\n\n<p>A ra\u00edz de la pandemia por el Covid-19, las\nautoridades se han desplegado para comprobar en terreno las medidas sanitarias\nadoptadas para prevenir la propagaci\u00f3n del coronavirus. En ese sentido, el\ngobernador provincial, junto al Sub Prefecto de Carabineros, Comandante,\nRodrigo Barra y al Coordinador provincial de Riesgos y Emergencias, Jimmy\nC\u00e1rdenas, realiz\u00f3 una visita a las barreras sanitarias ubicadas que operan en\nel Aeropuerto de la ciudad y sector &nbsp;Kon\nAiken, para luego dirigirse a los puntos de control de Tres Puentes y Zona\nFranca, acompa\u00f1ado del coordinador.<\/p>\n\n\n\n<p>Como es de conocimiento, la comuna de Punta\nArenas cumple ya 35 d\u00edas en cuarentena, debido al elevado \u00edndice de personas\ncontagiadas, raz\u00f3n por la cual se han dispuesto cordones sanitarios en los\naccesos a la ciudad, que permiten tener un control sobre las personas que ingresan,\ncon el objetivo de impedir la propagaci\u00f3n del virus. Las personas deben portar\nsalvoconducto y c\u00e9dula de identidad para cruzar la barrera sanitaria.<\/p>\n\n\n\n<p>El gobernador provincial de Magallanes, Homero\nVillegas N\u00fa\u00f1ez, manifest\u00f3: \u201ces Punta Arenas, la comuna de nuestra provincia, la\nque est\u00e1 con cuarentena vigente debido a la gran cantidad de contagios. Fuerzas\nArmadas, Carabineros y personal de Salud est\u00e1n realizando un control en los\ncordones sanitarios establecidos. Hay una inspecci\u00f3n permanente a todos los veh\u00edculos\nque ingresan o salen de ellos. El flujo ha sido constante, hay personas que se\ndesplazan a sus lugares de trabajo\u201d.<\/p>\n\n\n\n<p>Durante el recorrido, la autoridad recibi\u00f3 una\nactualizaci\u00f3n de las actividades que se realizan a diario en cada lugar, as\u00ed\ncomo tambi\u00e9n detalles de la dotaci\u00f3n de funcionarios, en medio de la pandemia\ndel Covid-19. En dicho recorrido tambi\u00e9n pudo advertir, que en todos los\nlugares visitados se han tomado las medidas higi\u00e9nicas pertinentes, como la\nmascarilla y la distancia social, y en el caso de locales de Zona Franca, como\nlos supermercados que expenden alimentos, adem\u00e1s de las ya mencionadas, se\nagrega el uso de delantal, cofia y sanitizaci\u00f3n permanente del lugar.<\/p>\n\n\n\n<p>El gobernador agreg\u00f3, adem\u00e1s, que en lo\nreferente a la labor que se cumple en el paso fronterizo Monte Aymond donde\ntambi\u00e9n existe el control sanitario se est\u00e1n practicando todos los protocolos y\nla gente cumple con las normativas. La labor en frontera es importante, porque\na trav\u00e9s de \u00e9sta transita la cadena alimenticia, permitiendo el abastecimiento\npara la regi\u00f3n. \u201cEstamos agradecidos y orgullosos del trabajo que se realiza en\nIntegraci\u00f3n Austral, una labor minuciosa y comprometida y de la coordinaci\u00f3n de\nlos Servicios, que se ha potenciado a\u00fan m\u00e1s para impedir la propagaci\u00f3n de este\nvirus, que ya ha cobrado la vida de muchas personas\u201d<\/p>\n\n\n\n<p>El gobernador reiter\u00f3 el llamado que ha hecho\nen el marco de esta pandemia, a quedarse en casa y cuidarse unos a otros,\ninsistiendo en que \u201ccomo gobierno estamos haciendo todo lo que est\u00e1 a nuestro\nalcance para impedir la propagaci\u00f3n del Covid-19, por lo tanto, cualquier\ninfracci\u00f3n ser\u00e1 sancionada y se aplicar\u00e1n las multas correspondientes.\nAgradecemos a las personas que han hecho el esfuerzo qued\u00e1ndose en sus casas,\ncon toda la presi\u00f3n que esto significa, pero a ese porcentaje que a\u00fan no ha\ntomado conciencia de la gravedad, de lo que estamos viviendo, de que \u00e9sta es\nuna pandemia y que ha cobrado vidas, les digo que tendr\u00e1n que recibir las\nsanciones penales que contempla la ley\u201d.<\/p>\n\n\n\n<p>La autoridad provincial, aprovech\u00f3 la instancia\npara agradecer a todos los funcionarios que comprometidamente est\u00e1n\ndesarrollando sus labores en los puntos mencionados y para hacer un llamado a\nla comunidad a tomar conciencia y adoptar todas las medidas necesarias para\ncombatir el Covid-19, que, seg\u00fan mencion\u00f3, es algo en lo que todos tenemos que\nhacer un esfuerzo y actuar con responsabilidad, con empat\u00eda y solidaridad.\n\u201cTenemos que salir juntos de esta compleja situaci\u00f3n que vive Chile y el\nmundo\u201d, concluy\u00f3 el gobernador Villegas.<\/p>\n","protected":false},"excerpt":{"rendered":"<p>Con el objeto de constatar in situ c\u00f3mo est\u00e1n operando las barreras sanitarias de Kon Aiken y Aeropuerto y puntos de control de Tres Puentes y Zona Franca, el gobernador&#8230; <a class=\"read-more\" href=\"https:\/\/www.radiopresidenteibanez.cl\/web\/gobernador-provincial-visito-puntos-de-barrera-sanitaria-de-punta-arenas\/\">Leer m\u00e1s<\/a><\/p>\n","protected":false},"author":2,"featured_media":11682,"comment_status":"closed","ping_status":"closed","sticky":false,"template":"","format":"standard","meta":{"footnotes":""},"categories":[1],"tags":[],"class_list":["post-11681","post","type-post","status-publish","format-standard","has-post-thumbnail","hentry","category-cronica"],"_links":{"self":[{"href":"https:\/\/www.radiopresidenteibanez.cl\/web\/wp-json\/wp\/v2\/posts\/11681","targetHints":{"allow":["GET"]}}],"collection":[{"href":"https:\/\/www.radiopresidenteibanez.cl\/web\/wp-json\/wp\/v2\/posts"}],"about":[{"href":"https:\/\/www.radiopresidenteibanez.cl\/web\/wp-json\/wp\/v2\/types\/post"}],"author":[{"embeddable":true,"href":"https:\/\/www.radiopresidenteibanez.cl\/web\/wp-json\/wp\/v2\/users\/2"}],"replies":[{"embeddable":true,"href":"https:\/\/www.radiopresidenteibanez.cl\/web\/wp-json\/wp\/v2\/comments?post=11681"}],"version-history":[{"count":0,"href":"https:\/\/www.radiopresidenteibanez.cl\/web\/wp-json\/wp\/v2\/posts\/11681\/revisions"}],"wp:featuredmedia":[{"embeddable":true,"href":"https:\/\/www.radiopresidenteibanez.cl\/web\/wp-json\/wp\/v2\/media\/11682"}],"wp:attachment":[{"href":"https:\/\/www.radiopresidenteibanez.cl\/web\/wp-json\/wp\/v2\/media?parent=11681"}],"wp:term":[{"taxonomy":"category","embeddable":true,"href":"https:\/\/www.radiopresidenteibanez.cl\/web\/wp-json\/wp\/v2\/categories?post=11681"},{"taxonomy":"post_tag","embeddable":true,"href":"https:\/\/www.radiopresidenteibanez.cl\/web\/wp-json\/wp\/v2\/tags?post=11681"}],"curies":[{"name":"wp","href":"https:\/\/api.w.org\/{rel}","templated":true}]}}