{"id":11678,"date":"2020-05-06T13:28:16","date_gmt":"2020-05-06T13:28:16","guid":{"rendered":"https:\/\/www.radiopresidenteibanez.cl\/web\/?p=11678"},"modified":"2020-05-06T13:28:20","modified_gmt":"2020-05-06T13:28:20","slug":"magallanes-da-inicio-a-su-ruta-social-protege-para-personas-en-situacion-de-calle","status":"publish","type":"post","link":"https:\/\/www.radiopresidenteibanez.cl\/web\/magallanes-da-inicio-a-su-ruta-social-protege-para-personas-en-situacion-de-calle\/","title":{"rendered":"MAGALLANES DA INICIO A SU RUTA SOCIAL PROTEGE, PARA PERSONAS EN SITUACI\u00d3N DE CALLE"},"content":{"rendered":"\n<p>La Secretaria Regional\nMinisterial de Desarrollo Social y Familia dio inicio este martes al\ndispositivo Ruta Social Protege 2020, el cual est\u00e1 orientado a ayudar a las\npersonas en situaci\u00f3n de calle durante el periodo de invierno.<\/p>\n\n\n\n<p>La Seremi de la cartera, Liz\nCasanueva, junto con agradecer el compromiso de los voluntarios que realizan\neste trabajo, se\u00f1alo que \u201cesta ruta est\u00e1 destinada a entregar prestaciones\nb\u00e1sicas en puntos de calle de alimentaci\u00f3n y abrigo a aquellas Personas en\nsituaci\u00f3n de calle que por alg\u00fan motivo no asisten al Albergue; promoviendo el\nuso de los dispositivos y realizando derivaciones a centros de salud, en caso\nde ser necesario\u201d.<\/p>\n\n\n\n<p>\u201cCabe destacar que debido\na la pandemia, las orientaciones t\u00e9cnicas de los dispositivos del Plan Invierno,\nesto quiere decir nuestro Albergue y Ruta Social, han sido modificadas para\nadaptarlas a la contingencia, entre \u00e9stas se ha adelantado la ejecuci\u00f3n de las\nRutas Sociales, ahora llamadas Rutas Protege, con los siguientes prop\u00f3sitos:\nEducar a las personas en situaci\u00f3n de calle para evitar y prevenir el contagio\nde virus COVID 19, la detecci\u00f3n oportuna de casos sospechosos COVID para su\nadecuada derivaci\u00f3n y realizar invitaci\u00f3n a alguno de los alojamientos\ndisponibles\u201d concluy\u00f3 Liz Casanueva..<\/p>\n\n\n\n<p>Es importante se\u00f1alar que\nesta ruta es financiada por el Ministerio de Desarrollo Social y Familia, quien\na trav\u00e9s de la Fundaci\u00f3n para la superaci\u00f3n Fide XII garantizar\u00e1 el desayuno y\ncena para 50 personas de la comuna de Punta Arenas, las cuales en su mayor\u00eda\nprefieren pernoctar en la calle. Adem\u00e1s, se les entregar\u00e1n \u00fatiles de aseo,\nfrazadas y ropa adecuada para pasar este fr\u00edo invierno.<\/p>\n\n\n\n<p>Reinaldo Leiva, director\ndel Fide XII, entidad que ejecuta la ruta social protege destac\u00f3 que \u201cel\nsignificado para nosotros del programa, de la ruta social, est\u00e1 inserto dentro\nde nuestros objetivos que es la protecci\u00f3n al m\u00e1s necesitado, que significa\npara nosotros ejecutar este programa que es del Ministerio de Desarrollo\nSocial, para nosotros es un agrado, es nuestro segundo a\u00f1o, tenemos m\u00e1s\nexperiencia, llegar a la gente que m\u00e1s lo necesita, la gente que muchas veces\npasa frio, hambre que sufre de la indiferencia de la comunidad, por lo tanto\npara nosotros todo esto es un reto porque significa llevar comida, dar\nprotecci\u00f3n, no ser indiferente con ellos y darle un trato m\u00e1s humano\u201d.<\/p>\n\n\n\n<p>Para la puesta en marcha\nde este dispositivo que tendr\u00e1 una duraci\u00f3n aproximada de 6 meses, el\nMinisterio de Desarrollo Social y Familia invertir\u00e1 alrededor de 42 millones de\npesos que se distribuir\u00e1n en 3 etapas de ejecuci\u00f3n, considerando la primera y\nsegunda etapa de 48 d\u00edas y una tercera de 74 d\u00edas con turnos diarios de martes\na domingo. &nbsp;<\/p>\n","protected":false},"excerpt":{"rendered":"<p>La Secretaria Regional Ministerial de Desarrollo Social y Familia dio inicio este martes al dispositivo Ruta Social Protege 2020, el cual est\u00e1 orientado a ayudar a las personas en situaci\u00f3n&#8230; <a class=\"read-more\" href=\"https:\/\/www.radiopresidenteibanez.cl\/web\/magallanes-da-inicio-a-su-ruta-social-protege-para-personas-en-situacion-de-calle\/\">Leer m\u00e1s<\/a><\/p>\n","protected":false},"author":2,"featured_media":11679,"comment_status":"closed","ping_status":"closed","sticky":false,"template":"","format":"standard","meta":{"footnotes":""},"categories":[1],"tags":[],"class_list":["post-11678","post","type-post","status-publish","format-standard","has-post-thumbnail","hentry","category-cronica"],"_links":{"self":[{"href":"https:\/\/www.radiopresidenteibanez.cl\/web\/wp-json\/wp\/v2\/posts\/11678","targetHints":{"allow":["GET"]}}],"collection":[{"href":"https:\/\/www.radiopresidenteibanez.cl\/web\/wp-json\/wp\/v2\/posts"}],"about":[{"href":"https:\/\/www.radiopresidenteibanez.cl\/web\/wp-json\/wp\/v2\/types\/post"}],"author":[{"embeddable":true,"href":"https:\/\/www.radiopresidenteibanez.cl\/web\/wp-json\/wp\/v2\/users\/2"}],"replies":[{"embeddable":true,"href":"https:\/\/www.radiopresidenteibanez.cl\/web\/wp-json\/wp\/v2\/comments?post=11678"}],"version-history":[{"count":0,"href":"https:\/\/www.radiopresidenteibanez.cl\/web\/wp-json\/wp\/v2\/posts\/11678\/revisions"}],"wp:featuredmedia":[{"embeddable":true,"href":"https:\/\/www.radiopresidenteibanez.cl\/web\/wp-json\/wp\/v2\/media\/11679"}],"wp:attachment":[{"href":"https:\/\/www.radiopresidenteibanez.cl\/web\/wp-json\/wp\/v2\/media?parent=11678"}],"wp:term":[{"taxonomy":"category","embeddable":true,"href":"https:\/\/www.radiopresidenteibanez.cl\/web\/wp-json\/wp\/v2\/categories?post=11678"},{"taxonomy":"post_tag","embeddable":true,"href":"https:\/\/www.radiopresidenteibanez.cl\/web\/wp-json\/wp\/v2\/tags?post=11678"}],"curies":[{"name":"wp","href":"https:\/\/api.w.org\/{rel}","templated":true}]}}