{"id":11676,"date":"2020-05-06T12:26:20","date_gmt":"2020-05-06T12:26:20","guid":{"rendered":"https:\/\/www.radiopresidenteibanez.cl\/web\/?p=11676"},"modified":"2020-05-06T12:26:36","modified_gmt":"2020-05-06T12:26:36","slug":"municipios-ya-gastaron-43-mil-millones-de-su-presupuesto-en-emergencia-por-el-covid-19-durante-abril","status":"publish","type":"post","link":"https:\/\/www.radiopresidenteibanez.cl\/web\/municipios-ya-gastaron-43-mil-millones-de-su-presupuesto-en-emergencia-por-el-covid-19-durante-abril\/","title":{"rendered":"MUNICIPIOS YA GASTARON 43 MIL MILLONES DE SU PRESUPUESTO EN EMERGENCIA POR EL COVID-19 DURANTE ABRIL"},"content":{"rendered":"\n<p>Una\nencuesta realizada y aplicada por la AChM, a los municipios del pa\u00eds, indic\u00f3\nque las municipalidades, han debido incurrir en gastos como mascarillas,\nsanitizaci\u00f3n de calles, recintos p\u00fablicos, albergues; arriendo de equipos\nel\u00e9ctricos, locomoci\u00f3n, entre otros, lo que ha significado un desbalance en el\npresupuesto municipal.<\/p>\n\n\n\n<p>El\npresidente de la AChM, Alcalde de Natales, Fernando Paredes dijo que \u201cnos\nestamos reuniendo con todos las autoridades locales para ver la magnitud de\nd\u00e9ficits que tienen las municipalidades y los mayores gastos que ha implicado\nenfrentar la pandemia del coronavirus\u201d. Agreg\u00f3 que \u201cestamos trabajando una\npropuesta con el gobierno y esperamos pronto una respuesta para un problema\ngrave para los chilenos\u201d.<\/p>\n\n\n\n<p>En\npromedio, los municipios gastaron, en abril, un 13% de su presupuesto mensual\n(43 mil millones de pesos) para efectos de enfrentar la emergencia sanitaria,\nse estima que implementar el retorno del personal, con todos los elementos de\nprotecci\u00f3n personal (EPP) sugeridos por la autoridad, distanciamiento y\nreemplazos, podr\u00eda elevar ese costo hasta un 20%.<\/p>\n\n\n\n<p>Seg\u00fan la\nAChM, es insostenible para los municipios mantener este nivel de gastos, y a la\nluz de las cifras, las municipalidades deben abstenerse de seguir gastando en\nla emergencia como lo est\u00e1n haciendo, ya que, de no existir fondos frescos,\nmuchos municipios se ver\u00e1n en la obligaci\u00f3n de suspender pagos por gastos\ncorrientes o de servicios a la comunidad.<\/p>\n\n\n\n<p>Las\nmunicipalidades han gastado en varios \u00edtems, y a su vez, han implementado una\nserie de medidas seg\u00fan lo permiten sus medios y su realidad territorial, tales\ncomo:<\/p>\n\n\n\n<ul class=\"wp-block-list\"><li>Call center de orientaci\u00f3n a vecinos<\/li><li>Pa\u00f1ales para adultos mayores <\/li><li>Barreras de sanitizaci\u00f3n y cordones sanitarios<\/li><li>Term\u00f3metros pistolas<\/li><li>Test r\u00e1pidos<\/li><li>Alimentos para ollas comunes<\/li><li>Apoyo en hospital de campa\u00f1a (Laja)<\/li><li>Separadores acr\u00edlicos para atenci\u00f3n de p\u00fablico\n(Recoleta, Colina).<\/li><li>Totem surtidores de alcohol gel (Renca)<\/li><li>Servicio de difusi\u00f3n de medidas de sanitizaci\u00f3n<\/li><li>Drone para seguimiento de procesos de\nsanitizaci\u00f3n (Talcahuano)<\/li><li>Apoyo a personas en situaci\u00f3n de calle,\nespecificas por COVID-19<\/li><li>Apoyo a ferias, en cuanto a sanitizaci\u00f3n y\nregulaci\u00f3n de acceso<\/li><li>Set de \u00fatiles de aseo para lavado permanente<\/li><li>Apoyo anticipado en le\u00f1a y\/o gas para\ncalefacci\u00f3n adultos mayores y poblaci\u00f3n m\u00e1s vulnerable a coronavirus.<\/li><li>Equipamiento para posibilitar teletrabajo<\/li><li>Conos y se\u00f1alizaci\u00f3n de distanciamiento<\/li><li>Implementaci\u00f3n hotel para personas afectadas por\nCOVID (comuna Mar\u00eda Elena, Regi\u00f3n de Antofagasta).<\/li><\/ul>\n\n\n\n<p>Debido a las\ndificultades financieras de los municipios, muchos est\u00e1n tomando decisiones\npara ajustar su presupuesto 2020 (aprobado en diciembre de 2019),&nbsp; ya que, ning\u00fan presupuesto municipal\ncontemplaba gastos producto de una emergencia sanitaria, como la del COVID-19.<\/p>\n\n\n\n<p>Frente a esto,\nla AChM consult\u00f3 a los municipios de todo Chile, por las decisiones que estaban\ntomando para enfrentar la disminuci\u00f3n de ingresos y el aumento explosivo de\ngastos, arrojando como resultado, que cuando quedan ocho meses, seguramente m\u00e1s\ncomplejos que los anteriores, los desaf\u00edos y necesidades presupuestarias, se\nvolver\u00e1n de una profundidad incalculable.<\/p>\n\n\n\n<p>Finalmente,\nse suma otro problema en el Fondo Com\u00fan Municipal (FCM), ya que, en el mes de\nabril, el saldo o complemento de la cuota mensual disminuy\u00f3 en un 69% respecto\nal a\u00f1o 2019, anticipando un escenario similar o peor para el mes de mayo, donde\nanualmente los municipios esperan la cuota m\u00e1s alta de ingresos para la mayor\u00eda\nde las comunas de Chile.<\/p>\n","protected":false},"excerpt":{"rendered":"<p>Una encuesta realizada y aplicada por la AChM, a los municipios del pa\u00eds, indic\u00f3 que las municipalidades, han debido incurrir en gastos como mascarillas, sanitizaci\u00f3n de calles, recintos p\u00fablicos, albergues;&#8230; <a class=\"read-more\" href=\"https:\/\/www.radiopresidenteibanez.cl\/web\/municipios-ya-gastaron-43-mil-millones-de-su-presupuesto-en-emergencia-por-el-covid-19-durante-abril\/\">Leer m\u00e1s<\/a><\/p>\n","protected":false},"author":2,"featured_media":10592,"comment_status":"closed","ping_status":"closed","sticky":false,"template":"","format":"standard","meta":{"footnotes":""},"categories":[1],"tags":[],"class_list":["post-11676","post","type-post","status-publish","format-standard","has-post-thumbnail","hentry","category-cronica"],"_links":{"self":[{"href":"https:\/\/www.radiopresidenteibanez.cl\/web\/wp-json\/wp\/v2\/posts\/11676","targetHints":{"allow":["GET"]}}],"collection":[{"href":"https:\/\/www.radiopresidenteibanez.cl\/web\/wp-json\/wp\/v2\/posts"}],"about":[{"href":"https:\/\/www.radiopresidenteibanez.cl\/web\/wp-json\/wp\/v2\/types\/post"}],"author":[{"embeddable":true,"href":"https:\/\/www.radiopresidenteibanez.cl\/web\/wp-json\/wp\/v2\/users\/2"}],"replies":[{"embeddable":true,"href":"https:\/\/www.radiopresidenteibanez.cl\/web\/wp-json\/wp\/v2\/comments?post=11676"}],"version-history":[{"count":0,"href":"https:\/\/www.radiopresidenteibanez.cl\/web\/wp-json\/wp\/v2\/posts\/11676\/revisions"}],"wp:featuredmedia":[{"embeddable":true,"href":"https:\/\/www.radiopresidenteibanez.cl\/web\/wp-json\/wp\/v2\/media\/10592"}],"wp:attachment":[{"href":"https:\/\/www.radiopresidenteibanez.cl\/web\/wp-json\/wp\/v2\/media?parent=11676"}],"wp:term":[{"taxonomy":"category","embeddable":true,"href":"https:\/\/www.radiopresidenteibanez.cl\/web\/wp-json\/wp\/v2\/categories?post=11676"},{"taxonomy":"post_tag","embeddable":true,"href":"https:\/\/www.radiopresidenteibanez.cl\/web\/wp-json\/wp\/v2\/tags?post=11676"}],"curies":[{"name":"wp","href":"https:\/\/api.w.org\/{rel}","templated":true}]}}