{"id":11668,"date":"2020-05-05T21:28:47","date_gmt":"2020-05-05T21:28:47","guid":{"rendered":"https:\/\/www.radiopresidenteibanez.cl\/web\/?p=11668"},"modified":"2020-05-05T21:28:50","modified_gmt":"2020-05-05T21:28:50","slug":"multigremial-de-magallanes-solicita-a-ministro-de-energia-la-suspension-de-las-cuentas-de-servicios-basicos-por-6-meses","status":"publish","type":"post","link":"https:\/\/www.radiopresidenteibanez.cl\/web\/multigremial-de-magallanes-solicita-a-ministro-de-energia-la-suspension-de-las-cuentas-de-servicios-basicos-por-6-meses\/","title":{"rendered":"MULTIGREMIAL DE MAGALLANES SOLICITA A MINISTRO DE ENERG\u00cdA LA SUSPENSI\u00d3N DE LAS CUENTAS DE SERVICIOS B\u00c1SICOS POR 6 MESES"},"content":{"rendered":"\n<p>Tras la \u201cpandemia econ\u00f3mica\u201d que vive Magallanes, donde cientos de micro,\npeque\u00f1as y medianas empresas de la regi\u00f3n han debido cerrar sus puertas y tambi\u00e9n\npor la creciente preocupaci\u00f3n por el invierno que se avecina, la Multigremial de Magallanes present\u00f3 una\ncarta al Ministro de Energ\u00eda, Juan Carlos Jobet, solicitando la suspensi\u00f3n del\ncobro de los servicios de gas y electricidad en la regi\u00f3n por seis meses.<\/p>\n\n\n\n<p>De acuerdo con la\ncarta, esta medida se solicita debido a los efectos econ\u00f3micos que est\u00e1\nviviendo la regi\u00f3n, donde se han visto paralizadas actividades vitales como el\nturismo, gastronom\u00eda y hoteler\u00eda, la baja en las exportaciones del sector\npesquero y la preocupaci\u00f3n por el invierno magall\u00e1nico que inicia pronto y cuyas\ntemperaturas llegan a niveles bajo cero.<\/p>\n\n\n\n<p>\u201cComo\nMagall\u00e1nicos vemos con preocupaci\u00f3n lo que est\u00e1 sucediendo y con el objetivo de\ntranquilizar el impacto de esta pandemia econ\u00f3mica en los habitantes de nuestra\nregi\u00f3n, hemos solicitado al ministro de Energ\u00eda, Juan Carlos Jobet, la\nsuspensi\u00f3n por 6 meses del cobro de los servicios de gas y electricidad, es\ndecir, desde mayo a octubre del presente a\u00f1o\u201d,\nsostiene.<\/p>\n\n\n\n<p>Finalmente, la carta sostiene que \u201cesta medida ser\u00e1 muy valorada por\nla comunidad y esperamos que sea ampliamente apoyada por las autoridades de\nnuestra regi\u00f3n, ya que para los habitantes de Punta Arenas el gas y la luz son\nun bienes de primer\u00edsima necesidad en el invierno magall\u00e1nico\u201d, sentenci\u00f3 la\nmisiva.<\/p>\n","protected":false},"excerpt":{"rendered":"<p>Tras la \u201cpandemia econ\u00f3mica\u201d que vive Magallanes, donde cientos de micro, peque\u00f1as y medianas empresas de la regi\u00f3n han debido cerrar sus puertas y tambi\u00e9n por la creciente preocupaci\u00f3n por&#8230; <a class=\"read-more\" href=\"https:\/\/www.radiopresidenteibanez.cl\/web\/multigremial-de-magallanes-solicita-a-ministro-de-energia-la-suspension-de-las-cuentas-de-servicios-basicos-por-6-meses\/\">Leer m\u00e1s<\/a><\/p>\n","protected":false},"author":2,"featured_media":11669,"comment_status":"closed","ping_status":"closed","sticky":false,"template":"","format":"standard","meta":{"footnotes":""},"categories":[1],"tags":[],"class_list":["post-11668","post","type-post","status-publish","format-standard","has-post-thumbnail","hentry","category-cronica"],"_links":{"self":[{"href":"https:\/\/www.radiopresidenteibanez.cl\/web\/wp-json\/wp\/v2\/posts\/11668","targetHints":{"allow":["GET"]}}],"collection":[{"href":"https:\/\/www.radiopresidenteibanez.cl\/web\/wp-json\/wp\/v2\/posts"}],"about":[{"href":"https:\/\/www.radiopresidenteibanez.cl\/web\/wp-json\/wp\/v2\/types\/post"}],"author":[{"embeddable":true,"href":"https:\/\/www.radiopresidenteibanez.cl\/web\/wp-json\/wp\/v2\/users\/2"}],"replies":[{"embeddable":true,"href":"https:\/\/www.radiopresidenteibanez.cl\/web\/wp-json\/wp\/v2\/comments?post=11668"}],"version-history":[{"count":0,"href":"https:\/\/www.radiopresidenteibanez.cl\/web\/wp-json\/wp\/v2\/posts\/11668\/revisions"}],"wp:featuredmedia":[{"embeddable":true,"href":"https:\/\/www.radiopresidenteibanez.cl\/web\/wp-json\/wp\/v2\/media\/11669"}],"wp:attachment":[{"href":"https:\/\/www.radiopresidenteibanez.cl\/web\/wp-json\/wp\/v2\/media?parent=11668"}],"wp:term":[{"taxonomy":"category","embeddable":true,"href":"https:\/\/www.radiopresidenteibanez.cl\/web\/wp-json\/wp\/v2\/categories?post=11668"},{"taxonomy":"post_tag","embeddable":true,"href":"https:\/\/www.radiopresidenteibanez.cl\/web\/wp-json\/wp\/v2\/tags?post=11668"}],"curies":[{"name":"wp","href":"https:\/\/api.w.org\/{rel}","templated":true}]}}