{"id":11661,"date":"2020-05-05T20:05:05","date_gmt":"2020-05-05T20:05:05","guid":{"rendered":"https:\/\/www.radiopresidenteibanez.cl\/web\/?p=11661"},"modified":"2020-05-05T20:05:12","modified_gmt":"2020-05-05T20:05:12","slug":"equipo-pace-umag-realizo-bienvenida-online-a-los-estudiantes-de-la-generacion-2020","status":"publish","type":"post","link":"https:\/\/www.radiopresidenteibanez.cl\/web\/equipo-pace-umag-realizo-bienvenida-online-a-los-estudiantes-de-la-generacion-2020\/","title":{"rendered":"EQUIPO PACE UMAG REALIZ\u00d3 BIENVENIDA ONLINE A LOS ESTUDIANTES DE LA GENERACI\u00d3N 2020"},"content":{"rendered":"\n<p>El equipo del Programa de Acompa\u00f1amiento y Acceso Efectivo a la\nEducaci\u00f3n Superior, representado por la Coordinadora Ejecutiva, Dra. Carmen Paz\nOval Soto, dieron la bienvenida, en forma online, a los estudiantes de las\ngeneraci\u00f3n 2020, siendo cerca de 17 los que ingresaron a la plataforma. <\/p>\n\n\n\n<p>A la actividad adem\u00e1s asistieron\nautoridades acad\u00e9micas y jefes de carrera de la Universidad de Magallanes,\nparte del equipo PACE y estudiantes de las generaciones 2019 y 2020, siendo m\u00e1s\nde 40 los asistentes a la bienvenida virtual. <\/p>\n\n\n\n<p>El Prorector\nde la Universidad de Magallanes, Dr. Jos\u00e9 Maripani Maripani, sostuvo que \u201cpara\nnosotros como instituci\u00f3n es un gran privilegio que hayan elegido nuestra\nUniversidad y que est\u00e9n con nosotros y les damos la bienvenida. El PACE es un\nprograma muy bonito, que tiene ciertas caracter\u00edsticas que les permiten ser\nparte de la educaci\u00f3n superior, como alumnos PACE, luego de ser los mejores alumnos\nde sus respectivos establecimientos, lo cual es un m\u00e9rito muy importante\u201d. <\/p>\n\n\n\n<p>Frente a esto, la Dra. Carmen\nPaz Oval, se\u00f1al\u00f3 que \u201cel PACE\nen este momento est\u00e1 enfocado en el acompa\u00f1amiento en la educaci\u00f3n superior, a\ntrav\u00e9s de la plataforma pregradovirtual.umag.cl, donde se crearon cursos para\nrealizar el acompa\u00f1amiento a nuestros estudiantes de manera virtual. Adem\u00e1s, se espera poder\ntrabajar de esta misma forma con los\nestablecimientos educacionales, primero estableciendo\ncontacto con los directores y a trav\u00e9s de ellos, mantener informados a los estudiantes de los cuartos medios\nprincipalmente, sobre lo que se viene en t\u00e9rminos de admisi\u00f3n 2021. En cuanto a\nla bienvenida online que se realiz\u00f3 tuvimos una muy buena convocatoria de\nestudiantes y autoridades, fue el primer acercamiento que hicimos como programa\ncon la generaci\u00f3n 2020, esperando que se mantenga esta relaci\u00f3n virtual, por el\nmomento\u201d. <\/p>\n\n\n\n<p>\u201cLos\ninvitamos a estar atentos a nuestras redes sociales y plataformas, que ante\ncualquier consulta o dificultad nos contacten y en la medida de nuestras\nposibilidades poder ayudarlos, nos preocupamos de c\u00f3mo est\u00e1n, tanto en lo\nacad\u00e9mico, como en lo emocional, finaliz\u00f3 la Coordinadora. <\/p>\n\n\n\n<p>Por su parte, Fernanda Miranda, Psic\u00f3loga del Equipo de\nAcompa\u00f1amiento en la Educaci\u00f3n Superior AES del PACE, expres\u00f3 que \u201ccomenc\u00e9 en\nel programa en el 2017, cuando se incorpor\u00f3 el plan piloto en la regi\u00f3n, siendo\ntutora par para las alumnas de la de la carrera de psicolog\u00eda, hasta el a\u00f1o\n2019 y a partir de este a\u00f1o 2020 se me dio la oportunidad de ser parte del\nequipo de trabajo, como profesional, lo que ha sido una gran oportunidad, ahora\npudiendo orientar psicol\u00f3gicamente a trav\u00e9s de una plataforma online,\ndenominada pregrado virtual, la cual pod\u00eda utilizarse desde el a\u00f1o pasado, pero\nno de forma masiva como lo necesitamos ahora, para as\u00ed abordar las diferentes\nnecesidades que tienen de adaptaci\u00f3n y flexibilidad los estudiantes, all\u00ed\nencontrar\u00e1n las tutor\u00edas, reuniones a trav\u00e9s de google meet y orientaciones de\nlas profesionales de AES\u201d. <\/p>\n","protected":false},"excerpt":{"rendered":"<p>El equipo del Programa de Acompa\u00f1amiento y Acceso Efectivo a la Educaci\u00f3n Superior, representado por la Coordinadora Ejecutiva, Dra. Carmen Paz Oval Soto, dieron la bienvenida, en forma online, a&#8230; <a class=\"read-more\" href=\"https:\/\/www.radiopresidenteibanez.cl\/web\/equipo-pace-umag-realizo-bienvenida-online-a-los-estudiantes-de-la-generacion-2020\/\">Leer m\u00e1s<\/a><\/p>\n","protected":false},"author":2,"featured_media":11662,"comment_status":"closed","ping_status":"closed","sticky":false,"template":"","format":"standard","meta":{"footnotes":""},"categories":[1],"tags":[],"class_list":["post-11661","post","type-post","status-publish","format-standard","has-post-thumbnail","hentry","category-cronica"],"_links":{"self":[{"href":"https:\/\/www.radiopresidenteibanez.cl\/web\/wp-json\/wp\/v2\/posts\/11661","targetHints":{"allow":["GET"]}}],"collection":[{"href":"https:\/\/www.radiopresidenteibanez.cl\/web\/wp-json\/wp\/v2\/posts"}],"about":[{"href":"https:\/\/www.radiopresidenteibanez.cl\/web\/wp-json\/wp\/v2\/types\/post"}],"author":[{"embeddable":true,"href":"https:\/\/www.radiopresidenteibanez.cl\/web\/wp-json\/wp\/v2\/users\/2"}],"replies":[{"embeddable":true,"href":"https:\/\/www.radiopresidenteibanez.cl\/web\/wp-json\/wp\/v2\/comments?post=11661"}],"version-history":[{"count":0,"href":"https:\/\/www.radiopresidenteibanez.cl\/web\/wp-json\/wp\/v2\/posts\/11661\/revisions"}],"wp:featuredmedia":[{"embeddable":true,"href":"https:\/\/www.radiopresidenteibanez.cl\/web\/wp-json\/wp\/v2\/media\/11662"}],"wp:attachment":[{"href":"https:\/\/www.radiopresidenteibanez.cl\/web\/wp-json\/wp\/v2\/media?parent=11661"}],"wp:term":[{"taxonomy":"category","embeddable":true,"href":"https:\/\/www.radiopresidenteibanez.cl\/web\/wp-json\/wp\/v2\/categories?post=11661"},{"taxonomy":"post_tag","embeddable":true,"href":"https:\/\/www.radiopresidenteibanez.cl\/web\/wp-json\/wp\/v2\/tags?post=11661"}],"curies":[{"name":"wp","href":"https:\/\/api.w.org\/{rel}","templated":true}]}}