{"id":11658,"date":"2020-05-05T19:59:08","date_gmt":"2020-05-05T19:59:08","guid":{"rendered":"https:\/\/www.radiopresidenteibanez.cl\/web\/?p=11658"},"modified":"2020-05-05T19:59:12","modified_gmt":"2020-05-05T19:59:12","slug":"alcalde-edgar-carcamo-mostro-su-preocupacion-ante-el-primer-caso-confirmado-de-covid-19-en-san-gregorio","status":"publish","type":"post","link":"https:\/\/www.radiopresidenteibanez.cl\/web\/alcalde-edgar-carcamo-mostro-su-preocupacion-ante-el-primer-caso-confirmado-de-covid-19-en-san-gregorio\/","title":{"rendered":"ALCALDE EDGAR C\u00c1RCAMO MOSTR\u00d3 SU PREOCUPACI\u00d3N ANTE EL PRIMER CASO CONFIRMADO DE COVID-19 EN SAN GREGORIO"},"content":{"rendered":"\n<p>En la regi\u00f3n de Magallanes ya\nexisten 809 de personas contagiadas y 12 fallecidos a ra\u00edz del Coronavirus\nCovid-19, en la jornada de ayer las autoridades del Ministerio de Salud,\nreportaron 14 nuevos casos en la zona, de los cuales 13 son de Punta Arenas y 1\nde la comuna de San Gregorio, en donde se conoce el primer caso de una persona\ninfectada.<\/p>\n\n\n\n<p>La comuna que se encuentra ubicada\na unos 170 kil\u00f3metros al norte de Punta Arenas y que tiene como capital Punta\nDelgada, tiene cerca de 800 habitantes, es por lo anterior que preocupa que se\nde a conocer el primer caso de una persona contagiada en la zona.<\/p>\n\n\n\n<p>En este sentido el alcalde de San Gregorio, Edgar C\u00e1rcamo Alderete, expres\u00f3 que \u201cseguiremos tomando las medidas correspondientes para que nuestros vecinos no se vean afectados por esta pandemia, es por esto que hago el principal llamado a los j\u00f3venes a quedarse en su hogar, no son inmunes\u201d.<\/p>\n\n\n\n<p>\u201cComo autoridades debemos ser un ejemplo a seguir para su comunidad, por eso yo no salgo de la comuna hace m\u00e1s de 40 d\u00edas, pero lamentablemente hay personas que no entienden que esta pandemia es letal\u201d, agrego C\u00e1rcamo Alderete.<\/p>\n\n\n\n<p>Finalmente, el edil al ser consultado sobre el abastecimiento de la comuna, puntualiz\u00f3 que \u201chasta el momento no hemos tenido alg\u00fan tipo de problem\u00e1tica, ya que los dos peque\u00f1os locales que abastecen San Gregorio reciben productos por medio del bus rural que realiza viajes desde Punta Arenas\u201d.<\/p>\n\n\n\n<p><\/p>\n\n\n\n<p>CHH.<\/p>\n","protected":false},"excerpt":{"rendered":"<p>En la regi\u00f3n de Magallanes ya existen 809 de personas contagiadas y 12 fallecidos a ra\u00edz del Coronavirus Covid-19, en la jornada de ayer las autoridades del Ministerio de Salud,&#8230; <a class=\"read-more\" href=\"https:\/\/www.radiopresidenteibanez.cl\/web\/alcalde-edgar-carcamo-mostro-su-preocupacion-ante-el-primer-caso-confirmado-de-covid-19-en-san-gregorio\/\">Leer m\u00e1s<\/a><\/p>\n","protected":false},"author":2,"featured_media":11659,"comment_status":"closed","ping_status":"closed","sticky":false,"template":"","format":"standard","meta":{"footnotes":""},"categories":[1],"tags":[],"class_list":["post-11658","post","type-post","status-publish","format-standard","has-post-thumbnail","hentry","category-cronica"],"_links":{"self":[{"href":"https:\/\/www.radiopresidenteibanez.cl\/web\/wp-json\/wp\/v2\/posts\/11658","targetHints":{"allow":["GET"]}}],"collection":[{"href":"https:\/\/www.radiopresidenteibanez.cl\/web\/wp-json\/wp\/v2\/posts"}],"about":[{"href":"https:\/\/www.radiopresidenteibanez.cl\/web\/wp-json\/wp\/v2\/types\/post"}],"author":[{"embeddable":true,"href":"https:\/\/www.radiopresidenteibanez.cl\/web\/wp-json\/wp\/v2\/users\/2"}],"replies":[{"embeddable":true,"href":"https:\/\/www.radiopresidenteibanez.cl\/web\/wp-json\/wp\/v2\/comments?post=11658"}],"version-history":[{"count":0,"href":"https:\/\/www.radiopresidenteibanez.cl\/web\/wp-json\/wp\/v2\/posts\/11658\/revisions"}],"wp:featuredmedia":[{"embeddable":true,"href":"https:\/\/www.radiopresidenteibanez.cl\/web\/wp-json\/wp\/v2\/media\/11659"}],"wp:attachment":[{"href":"https:\/\/www.radiopresidenteibanez.cl\/web\/wp-json\/wp\/v2\/media?parent=11658"}],"wp:term":[{"taxonomy":"category","embeddable":true,"href":"https:\/\/www.radiopresidenteibanez.cl\/web\/wp-json\/wp\/v2\/categories?post=11658"},{"taxonomy":"post_tag","embeddable":true,"href":"https:\/\/www.radiopresidenteibanez.cl\/web\/wp-json\/wp\/v2\/tags?post=11658"}],"curies":[{"name":"wp","href":"https:\/\/api.w.org\/{rel}","templated":true}]}}