{"id":11647,"date":"2020-05-05T14:59:33","date_gmt":"2020-05-05T14:59:33","guid":{"rendered":"https:\/\/www.radiopresidenteibanez.cl\/web\/?p=11647"},"modified":"2020-05-05T14:59:37","modified_gmt":"2020-05-05T14:59:37","slug":"manana-miercoles-se-dara-a-conocer-que-sucedera-con-la-medida-de-cuarentena-en-distintas-comunas-del-pais-entre-ellas-punta-arenas","status":"publish","type":"post","link":"https:\/\/www.radiopresidenteibanez.cl\/web\/manana-miercoles-se-dara-a-conocer-que-sucedera-con-la-medida-de-cuarentena-en-distintas-comunas-del-pais-entre-ellas-punta-arenas\/","title":{"rendered":"MA\u00d1ANA MI\u00c9RCOLES SE DAR\u00c1 A CONOCER QUE SUCEDER\u00c1 CON LA MEDIDA DE CUARENTENA EN DISTINTAS COMUNAS DEL PA\u00cdS, ENTRE ELLAS PUNTA ARENAS"},"content":{"rendered":"\n<p>En una nueva entrega de datos por Covid-19, el subsecretario de Redes Asistenciales, Arturo Z\u00fa\u00f1iga, anunci\u00f3 que ma\u00f1ana mi\u00e9rcoles se dar\u00e1 a conocer que suceder\u00e1 con las cuarentenas en distintas comunas del pa\u00eds, entre ellas, Punta Arenas.<\/p>\n\n\n\n<p>Imagen archivo.<\/p>\n","protected":false},"excerpt":{"rendered":"<p>En una nueva entrega de datos por Covid-19, el subsecretario de Redes Asistenciales, Arturo Z\u00fa\u00f1iga, anunci\u00f3 que ma\u00f1ana mi\u00e9rcoles se dar\u00e1 a conocer que suceder\u00e1 con las cuarentenas en distintas&#8230; <a class=\"read-more\" href=\"https:\/\/www.radiopresidenteibanez.cl\/web\/manana-miercoles-se-dara-a-conocer-que-sucedera-con-la-medida-de-cuarentena-en-distintas-comunas-del-pais-entre-ellas-punta-arenas\/\">Leer m\u00e1s<\/a><\/p>\n","protected":false},"author":2,"featured_media":11398,"comment_status":"closed","ping_status":"closed","sticky":false,"template":"","format":"standard","meta":{"footnotes":""},"categories":[1],"tags":[],"class_list":["post-11647","post","type-post","status-publish","format-standard","has-post-thumbnail","hentry","category-cronica"],"_links":{"self":[{"href":"https:\/\/www.radiopresidenteibanez.cl\/web\/wp-json\/wp\/v2\/posts\/11647","targetHints":{"allow":["GET"]}}],"collection":[{"href":"https:\/\/www.radiopresidenteibanez.cl\/web\/wp-json\/wp\/v2\/posts"}],"about":[{"href":"https:\/\/www.radiopresidenteibanez.cl\/web\/wp-json\/wp\/v2\/types\/post"}],"author":[{"embeddable":true,"href":"https:\/\/www.radiopresidenteibanez.cl\/web\/wp-json\/wp\/v2\/users\/2"}],"replies":[{"embeddable":true,"href":"https:\/\/www.radiopresidenteibanez.cl\/web\/wp-json\/wp\/v2\/comments?post=11647"}],"version-history":[{"count":0,"href":"https:\/\/www.radiopresidenteibanez.cl\/web\/wp-json\/wp\/v2\/posts\/11647\/revisions"}],"wp:featuredmedia":[{"embeddable":true,"href":"https:\/\/www.radiopresidenteibanez.cl\/web\/wp-json\/wp\/v2\/media\/11398"}],"wp:attachment":[{"href":"https:\/\/www.radiopresidenteibanez.cl\/web\/wp-json\/wp\/v2\/media?parent=11647"}],"wp:term":[{"taxonomy":"category","embeddable":true,"href":"https:\/\/www.radiopresidenteibanez.cl\/web\/wp-json\/wp\/v2\/categories?post=11647"},{"taxonomy":"post_tag","embeddable":true,"href":"https:\/\/www.radiopresidenteibanez.cl\/web\/wp-json\/wp\/v2\/tags?post=11647"}],"curies":[{"name":"wp","href":"https:\/\/api.w.org\/{rel}","templated":true}]}}