{"id":11645,"date":"2020-05-05T13:14:47","date_gmt":"2020-05-05T13:14:47","guid":{"rendered":"https:\/\/www.radiopresidenteibanez.cl\/web\/?p=11645"},"modified":"2020-05-05T13:14:50","modified_gmt":"2020-05-05T13:14:50","slug":"vecina-puntarenense-de-85-anos-se-convierte-en-la-victima-numero-12-por-covid-19-en-la-region","status":"publish","type":"post","link":"https:\/\/www.radiopresidenteibanez.cl\/web\/vecina-puntarenense-de-85-anos-se-convierte-en-la-victima-numero-12-por-covid-19-en-la-region\/","title":{"rendered":"VECINA PUNTARENENSE DE 85 A\u00d1OS SE CONVIERTE EN LA VICTIMA N\u00daMERO 12 POR COVID-19 EN LA REGI\u00d3N"},"content":{"rendered":"\n<p>Ayer por la tarde se dio a conocer el fallecimiento de una\nvecina de Punta Arenas, de 85 a\u00f1os que hab\u00eda ingresado el pasado domingo a las\ndependencias del Hospital Cl\u00ednico de Magallanes afectada por un derrame cerebral.<\/p>\n\n\n\n<p>As\u00ed tambi\u00e9n a la mujer se le hab\u00eda realizado el examen PCR el\ncual dio positivo a Coronavirus Covid-19, falleciendo la noche de este lunes.<\/p>\n","protected":false},"excerpt":{"rendered":"<p>Ayer por la tarde se dio a conocer el fallecimiento de una vecina de Punta Arenas, de 85 a\u00f1os que hab\u00eda ingresado el pasado domingo a las dependencias del Hospital&#8230; <a class=\"read-more\" href=\"https:\/\/www.radiopresidenteibanez.cl\/web\/vecina-puntarenense-de-85-anos-se-convierte-en-la-victima-numero-12-por-covid-19-en-la-region\/\">Leer m\u00e1s<\/a><\/p>\n","protected":false},"author":2,"featured_media":57,"comment_status":"closed","ping_status":"closed","sticky":false,"template":"","format":"standard","meta":{"footnotes":""},"categories":[1],"tags":[],"class_list":["post-11645","post","type-post","status-publish","format-standard","has-post-thumbnail","hentry","category-cronica"],"_links":{"self":[{"href":"https:\/\/www.radiopresidenteibanez.cl\/web\/wp-json\/wp\/v2\/posts\/11645","targetHints":{"allow":["GET"]}}],"collection":[{"href":"https:\/\/www.radiopresidenteibanez.cl\/web\/wp-json\/wp\/v2\/posts"}],"about":[{"href":"https:\/\/www.radiopresidenteibanez.cl\/web\/wp-json\/wp\/v2\/types\/post"}],"author":[{"embeddable":true,"href":"https:\/\/www.radiopresidenteibanez.cl\/web\/wp-json\/wp\/v2\/users\/2"}],"replies":[{"embeddable":true,"href":"https:\/\/www.radiopresidenteibanez.cl\/web\/wp-json\/wp\/v2\/comments?post=11645"}],"version-history":[{"count":0,"href":"https:\/\/www.radiopresidenteibanez.cl\/web\/wp-json\/wp\/v2\/posts\/11645\/revisions"}],"wp:featuredmedia":[{"embeddable":true,"href":"https:\/\/www.radiopresidenteibanez.cl\/web\/wp-json\/wp\/v2\/media\/57"}],"wp:attachment":[{"href":"https:\/\/www.radiopresidenteibanez.cl\/web\/wp-json\/wp\/v2\/media?parent=11645"}],"wp:term":[{"taxonomy":"category","embeddable":true,"href":"https:\/\/www.radiopresidenteibanez.cl\/web\/wp-json\/wp\/v2\/categories?post=11645"},{"taxonomy":"post_tag","embeddable":true,"href":"https:\/\/www.radiopresidenteibanez.cl\/web\/wp-json\/wp\/v2\/tags?post=11645"}],"curies":[{"name":"wp","href":"https:\/\/api.w.org\/{rel}","templated":true}]}}