{"id":11640,"date":"2020-05-06T00:10:54","date_gmt":"2020-05-06T00:10:54","guid":{"rendered":"https:\/\/www.radiopresidenteibanez.cl\/web\/?p=11640"},"modified":"2020-05-06T00:10:57","modified_gmt":"2020-05-06T00:10:57","slug":"pulso-sindical-diario-05-de-mayo-2020","status":"publish","type":"post","link":"https:\/\/www.radiopresidenteibanez.cl\/web\/pulso-sindical-diario-05-de-mayo-2020\/","title":{"rendered":"PULSO SINDICAL DIARIO 05 DE MAYO 2020"},"content":{"rendered":"<p><img loading=\"lazy\" decoding=\"async\" class=\"alignnone size-medium wp-image-11674\" src=\"https:\/\/www.radiopresidenteibanez.cl\/web\/wp-content\/uploads\/2020\/05\/FOTO-1-1-300x199.jpg\" alt=\"\" width=\"300\" height=\"199\" srcset=\"https:\/\/www.radiopresidenteibanez.cl\/web\/wp-content\/uploads\/2020\/05\/FOTO-1-1-300x199.jpg 300w, https:\/\/www.radiopresidenteibanez.cl\/web\/wp-content\/uploads\/2020\/05\/FOTO-1-1.jpg 512w\" sizes=\"auto, (max-width: 300px) 100vw, 300px\" \/>Sintonicen nuestra radio entrando a www.centralclasista.com<br \/>\nNoticias y m\u00fasica todo el d\u00eda.<br \/>\n* Para la acci\u00f3n sindical cont\u00e1ctenos al + 56 984495318 a toda hora o escriban a cgt.chile@gmail.com<br \/>\nCuenten con nosotros.<\/p>\n<p>***<br \/>\n1.- La principal labor a la que estamos abocados es extender nuestro an\u00e1lisis diario a distintos lugares y para ello contamos con grandes amigos de la clase.<br \/>\nSaludamos a Pancho Perez director de radio Pdte.Iba\u00f1ez de Punta Arenas, ya que su compromiso y amistad har\u00e1 posible que en toda la region de Magallanes y Ant\u00e1rtica Chilena, se informen desde ahora con el Pulso Sindical Diario de la CGT y la Central Clasista.<br \/>\nEs un buen momento para llamar a todas las organizaciones sindicales a iniciar y\/o retomar con todas las fuerzas, el trabajo de comunicaci\u00f3n regular con los trabajadores.<br \/>\nInformativos escritos o por las redes sociales, ya sean diarios, semanales o mensuales. Los diarios murales son tambi\u00e9n una manera interesante de informar lo que est\u00e1 pasando.<br \/>\nEducaci\u00f3n sindical, legal, noticias de todo tipo, son vitales para romper el cerco comunicacional.<br \/>\nA todos los medios alternativos, a los que ahora se incorpora Radio Presidente Ib\u00e1\u00f1ez, les agradecemos su apoyo y disposici\u00f3n a difundir esta opini\u00f3n clasista, exenta de ambiguedades, clara y directa, cuyo \u00fanico objetivo es seguir avanzando en la tarea de educar a la clase.<br \/>\nTrabajadores educados e informados son los que construir\u00e1n los instrumentos que requieren para luchar por sus demandas.<\/p>\n<p>2.- Hay una cuesti\u00f3n que tendremos que analizar y resolver prontamente.<br \/>\nSe trata de la forma en que vamos a relacionarnos con los trabajadores que prestan servicios en las micro y peque\u00f1as empresas, principalmente aquellas en las que trabajan de 1 y hasta 9 trabajadores y que estan imposibilitados de sindicalizarse y negociar colectivamente. No se trata de un problema menor, pues este tipo de empresas corresponden a m\u00e1s del 80% del total en el pa\u00eds.<br \/>\nSostenemos que es urgente desarrollar una organizaci\u00f3n que agrupe a estos trabajadores y con ellos construir minimos colectivos para ser presentados a la patronal. El objetivo final es claro, terminar con el abuso y la explotaci\u00f3n.<br \/>\nSe hace necesario analizar todas las f\u00f3rmulas que nos lleven hacia all\u00e1, sin desconocer jam\u00e1s que han cambiado muchas cosas desde la revoluci\u00f3n industrial.<br \/>\nLos trabajadores en la actualidad se resisten, principalmente por temor, a organizarse.<br \/>\nTambi\u00e9n son renuentes a unirse a los sindicatos porque han perdido la confianza en estos.<br \/>\nCorrupci\u00f3n, acuerdos con los patrones a espaldas de los trabajadores, uso indebido e incluso apropiaci\u00f3n de las cuotas sindicales, aprobaci\u00f3n de leyes que perjudican m\u00e1s que benefician a los trabajadores, son parte de las muchas deficiencias de este sindicalismo de acuerdos y di\u00e1logos.<br \/>\nTendremos que trabajar mucho para recuperar la confianza de los trabajadores en la organizaci\u00f3n sindical.<\/p>\n<p>3.- Desde febrero del 2015 cuando se constituye el CIUS, e incluso antes en las organizaciones que lo conformaron, sostuvimos que faltaba ser m\u00e1s directos y claros en esto de la pelea contra las AFP.<br \/>\nDec\u00edamos, con bastante ingenuidad por cierto, que antes de llenarle la cabeza a los trabajadores con citas y n\u00fameros era necesario demandar del presidente de la rep\u00fablica la derogacion del D.L. 3.500, cuesti\u00f3n de la que nunca nadie quiso hacerse cargo (el presidente es el \u00fanico con esa facultad).<br \/>\nY resulta que ahora, tras a\u00f1os de portazos de los parlamentarios de todos los colores en la C\u00e1mara y el Senado, se informa en la prensa de una moci\u00f3n parlamentaria con el objetivo que planteamos y que todos dijeron era imposible.<br \/>\n\u00bfQue hay detr\u00e1s de esta propuesta, m\u00e1s all\u00e1 de conseguir algunos minutos en la prensa?.<br \/>\nHoy la urgencia es otra. Buscar los respaldos parlamentarios, adem\u00e1s de demandar del gobierno, una ley que permita el retiro del sueldo mensual desde los fondos individuales de AFP, mientras dure est\u00e1 emergencia.<br \/>\nLa restituci\u00f3n de dichos fondos la har\u00e1n los patrones con una cotizaci\u00f3n adicional cuando pase la pandemia.<br \/>\nTodo lo que hemos demandado es de justicia y hay que construir organizaci\u00f3n, para no depender del \u00e1nimo ni el gusto de los parlamentarios, ni de los gobiernos.<\/p>\n<p>MANUEL AHUMADA LILLO<br \/>\nPresidente Central Clasista de Trabajadoras y Trabajadores<br \/>\nSecretario C.G.T. CHILE<\/p>\n","protected":false},"excerpt":{"rendered":"<p>Sintonicen nuestra radio entrando a www.centralclasista.com Noticias y m\u00fasica todo el d\u00eda. * Para la acci\u00f3n sindical cont\u00e1ctenos al + 56 984495318 a toda hora o escriban a cgt.chile@gmail.com Cuenten&#8230; <a class=\"read-more\" href=\"https:\/\/www.radiopresidenteibanez.cl\/web\/pulso-sindical-diario-05-de-mayo-2020\/\">Leer m\u00e1s<\/a><\/p>\n","protected":false},"author":2,"featured_media":0,"comment_status":"closed","ping_status":"closed","sticky":false,"template":"","format":"standard","meta":{"footnotes":""},"categories":[1],"tags":[],"class_list":["post-11640","post","type-post","status-publish","format-standard","hentry","category-cronica"],"_links":{"self":[{"href":"https:\/\/www.radiopresidenteibanez.cl\/web\/wp-json\/wp\/v2\/posts\/11640","targetHints":{"allow":["GET"]}}],"collection":[{"href":"https:\/\/www.radiopresidenteibanez.cl\/web\/wp-json\/wp\/v2\/posts"}],"about":[{"href":"https:\/\/www.radiopresidenteibanez.cl\/web\/wp-json\/wp\/v2\/types\/post"}],"author":[{"embeddable":true,"href":"https:\/\/www.radiopresidenteibanez.cl\/web\/wp-json\/wp\/v2\/users\/2"}],"replies":[{"embeddable":true,"href":"https:\/\/www.radiopresidenteibanez.cl\/web\/wp-json\/wp\/v2\/comments?post=11640"}],"version-history":[{"count":0,"href":"https:\/\/www.radiopresidenteibanez.cl\/web\/wp-json\/wp\/v2\/posts\/11640\/revisions"}],"wp:attachment":[{"href":"https:\/\/www.radiopresidenteibanez.cl\/web\/wp-json\/wp\/v2\/media?parent=11640"}],"wp:term":[{"taxonomy":"category","embeddable":true,"href":"https:\/\/www.radiopresidenteibanez.cl\/web\/wp-json\/wp\/v2\/categories?post=11640"},{"taxonomy":"post_tag","embeddable":true,"href":"https:\/\/www.radiopresidenteibanez.cl\/web\/wp-json\/wp\/v2\/tags?post=11640"}],"curies":[{"name":"wp","href":"https:\/\/api.w.org\/{rel}","templated":true}]}}