{"id":11638,"date":"2020-05-04T23:46:03","date_gmt":"2020-05-04T23:46:03","guid":{"rendered":"https:\/\/www.radiopresidenteibanez.cl\/web\/?p=11638"},"modified":"2020-05-05T01:01:24","modified_gmt":"2020-05-05T01:01:24","slug":"pulso-sindical-diario-04-de-mayo-2020","status":"publish","type":"post","link":"https:\/\/www.radiopresidenteibanez.cl\/web\/pulso-sindical-diario-04-de-mayo-2020\/","title":{"rendered":"PULSO SINDICAL DIARIO 04 DE MAYO 2020"},"content":{"rendered":"<p>PULSO SINDICAL DIARIO 04 DE MAYO 2020<br \/>\n****<br \/>\n* No dejen de sintonizar la radio de nuestra Central Clasista.Basta ingresar a la p\u00e1gina web de la Central y marcar el link que la identifica.<br \/>\n* \u00bfAsesor\u00eda por despido, cambios de contrato, seguro de cesant\u00eda? Cont\u00e1ctenos al + 56 9 8449 5318 a toda hora y tambi\u00e9n puede consultar en cgt.chile@gmail.com<br \/>\nCuenten con nosotros.<br \/>\n***<br \/>\n1.- En empresas de distintos lugares del pa\u00eds se contin\u00faan desarrollando procesos de negociaci\u00f3n colectiva.<br \/>\nAlgunas de ellas est\u00e1n en procesos de objeciones a la legalidad y primeras reuniones entre partes, otras se encuentran en la fase final, ya sea solicitud de ministro de fe para votar la huelga o bien en la etapa de \u00faltimas mediaciones.<br \/>\nA las 00 horas de ma\u00f1ana 5 de Mayo se iniciar\u00e1 la huelga en el sindicato de Autopista Central, salvo que se logre un acuerdo en las pr\u00f3ximas horas.<br \/>\nLa huelga es un derecho y los trabajadores no renunciar\u00e1n a ella, por lo que solo queda llamar a la solidaridad activa con nuestros compa\u00f1eros.<br \/>\n2.- Cuarentena es definida como \u00abaislamiento de personas o animales durante un periodo de tiempo no espec\u00edfico, como metodo para evitar o limitar ella riesgo de que se extienda una enfermedad o una plaga\u00bb.<br \/>\nVisto esto, alguien debe explicar c\u00f3mo \u00absali\u00f3 de la Regi\u00f3n Metropolitana un 40% de veh\u00edculos en comparaci\u00f3n con la semana santa\u00bb, como han informado los noticieros.<br \/>\n\u00bfQue y cu\u00e1ntos ciudadanos cuentan con la capacidad de conseguir salvoconductos para abandonar una zona con cuarentena en autos, helicopteros e inclusos avionetas?,<br \/>\nEs claro que hay un sector peque\u00f1o de familias pudientes &#8211; aparte de los desubicados de siempre infectados por el individualismo &#8211; con suficientes recursos y que disponen de 2 o m\u00e1s veh\u00edculos, adem\u00e1s de amistades en el gobierno y la policia, como para salir a d\u00f3nde les plazca y a la hora que se les ocurra, con su respectivo salvoconducto.<br \/>\nSon los primeros responsables de la introducci\u00f3n y difusi\u00f3n del virus, los que si se infectan disponen de buenas y confortables cl\u00ednicas para tratarse y seguir como si nada hubiera pasado.<br \/>\nEn este sector privilegiado, se encuentran muchos de los patrones que han forzado la suscripci\u00f3n de vacaciones y permisos sin goce de sueldos.<br \/>\nLos mismos que recibieron como premio la ley COVID y millonarios cr\u00e9ditos, que una vez terminada la pandemia despediran sin asco, utilizando de preferencia causales sin indemnizacion.<br \/>\nPor todo esto y m\u00e1s, los trabajadores deben combatir contra sus miedos y derrotarlos, para as\u00ed avanzar a la construcci\u00f3n de organizaciones qu\u00e9 los puedan defender de la \u00abpandemia patronal\u00bb que se nos viene a continuaci\u00f3n de \u00e9sta.<br \/>\n3.- Una informaci\u00f3n pas\u00f3 casi desapercibida en esta marat\u00f3n de noticias sobre el corona virus. En el mundo solo 27 de cada 100 personas tienen acceso a agua potable las 24 horas del d\u00eda y los 7 d\u00edas de la semana.<br \/>\nEl agua, un elemento de primera necesidad est\u00e1 en manos de privados en nuestro pa\u00eds y mucha familias carecen de ella pues no tienen plata para pagar el consumo, lo que tambi\u00e9n se repite regularmente con la electricidad.<br \/>\nUna Constituci\u00f3n que represente el sentir de la poblaci\u00f3n deber\u00e1 establecer que \u00abning\u00fan ciudadano, bajo ninguna condici\u00f3n, podr\u00e1 ser privado de agua y electricidad\u00bb.<br \/>\nPara lograr cosas como est\u00e1s debemos disponer de una poderosa organizaci\u00f3n.<br \/>\nVamos, a trabajar con fuerza desde ahora.<\/p>\n<p>MANUEL AHUMADA LILLO<br \/>\nPresidente Central Clasista de Trabajadores y Trabajadoras<br \/>\nSecretario C.G.T. CHILE<\/p>\n","protected":false},"excerpt":{"rendered":"<p>PULSO SINDICAL DIARIO 04 DE MAYO 2020 **** * No dejen de sintonizar la radio de nuestra Central Clasista.Basta ingresar a la p\u00e1gina web de la Central y marcar el&#8230; <a class=\"read-more\" href=\"https:\/\/www.radiopresidenteibanez.cl\/web\/pulso-sindical-diario-04-de-mayo-2020\/\">Leer m\u00e1s<\/a><\/p>\n","protected":false},"author":2,"featured_media":11641,"comment_status":"closed","ping_status":"closed","sticky":false,"template":"","format":"standard","meta":{"footnotes":""},"categories":[1,48],"tags":[],"class_list":["post-11638","post","type-post","status-publish","format-standard","has-post-thumbnail","hentry","category-cronica","category-pulso-sindical-diario"],"_links":{"self":[{"href":"https:\/\/www.radiopresidenteibanez.cl\/web\/wp-json\/wp\/v2\/posts\/11638","targetHints":{"allow":["GET"]}}],"collection":[{"href":"https:\/\/www.radiopresidenteibanez.cl\/web\/wp-json\/wp\/v2\/posts"}],"about":[{"href":"https:\/\/www.radiopresidenteibanez.cl\/web\/wp-json\/wp\/v2\/types\/post"}],"author":[{"embeddable":true,"href":"https:\/\/www.radiopresidenteibanez.cl\/web\/wp-json\/wp\/v2\/users\/2"}],"replies":[{"embeddable":true,"href":"https:\/\/www.radiopresidenteibanez.cl\/web\/wp-json\/wp\/v2\/comments?post=11638"}],"version-history":[{"count":0,"href":"https:\/\/www.radiopresidenteibanez.cl\/web\/wp-json\/wp\/v2\/posts\/11638\/revisions"}],"wp:featuredmedia":[{"embeddable":true,"href":"https:\/\/www.radiopresidenteibanez.cl\/web\/wp-json\/wp\/v2\/media\/11641"}],"wp:attachment":[{"href":"https:\/\/www.radiopresidenteibanez.cl\/web\/wp-json\/wp\/v2\/media?parent=11638"}],"wp:term":[{"taxonomy":"category","embeddable":true,"href":"https:\/\/www.radiopresidenteibanez.cl\/web\/wp-json\/wp\/v2\/categories?post=11638"},{"taxonomy":"post_tag","embeddable":true,"href":"https:\/\/www.radiopresidenteibanez.cl\/web\/wp-json\/wp\/v2\/tags?post=11638"}],"curies":[{"name":"wp","href":"https:\/\/api.w.org\/{rel}","templated":true}]}}